{"id":86648,"date":"2025-01-21T19:22:22","date_gmt":"2025-01-22T01:22:22","guid":{"rendered":"https:\/\/www.interaccionnoticias.com.mx\/?p=86648"},"modified":"2025-01-21T19:25:50","modified_gmt":"2025-01-22T01:25:50","slug":"a-casi-seis-anos-de-su-localizacion-los-restos-de-porfirio-barrera-son-entregados-a-sus-familiares","status":"publish","type":"post","link":"https:\/\/www.interaccionnoticias.com.mx\/?p=86648","title":{"rendered":"A casi seis a\u00f1os de su localizaci\u00f3n, los restos de Porfirio Barrera son entregados a sus familiares"},"content":{"rendered":"\n<p><em><strong>&#8212; Desapareci\u00f3 en enero de 2019, fue localizado en abril del mismo a\u00f1o pero su familia lo recuper\u00f3 este 21 de enero de 2025<\/strong><\/em><\/p>\n\n\n\n<p><strong>Dassaev T\u00e9llez<\/strong><\/p>\n\n\n\n<p>La se\u00f1ora Austreberta, quien desde el 7 de enero del 2019 buscaba a su esposo, recibi\u00f3 hoy sus restos para llev\u00e1rselo a sepultar en Tlapa, de donde son originarios.<\/p>\n\n\n\n<p>Cerca del mediod\u00eda de este martes 21 de enero, ya en 2025, dichos restos \u00f3seos fueron entregados en las instalaciones del Servicio M\u00e9dico Forense (SEMEFO) de Chilpancingo.<\/p>\n\n\n\n<p>Ah\u00ed la se\u00f1ora Austreberta lleg\u00f3 acompa\u00f1ada por integrantes del Centro de Derechos Humanos de la Monta\u00f1a &#8216;Tlachinollan&#8217;, que la asistieron legalmente.<\/p>\n\n\n\n<p>En declaraciones, recordaron que el se\u00f1or Porfirio desapareci\u00f3 en enero del a\u00f1o 2019 en la ciudad de Tlapa de Comonfort, siendo localizado sin vida en el mes de abril de ese mismo a\u00f1o, pero sin que las autoridades notificar\u00e1n a los familiares del hallazgo.<\/p>\n\n\n\n<p>La Se\u00f1ora Austreberta dijo que desde la desaparici\u00f3n de su esposo, se uni\u00f3 al Colectivo de B\u00fasqueda de Personas Desaparecidas &#8216;Luci\u00e9rnagas&#8217;, durante sus jornadas de b\u00fasqueda lograron la localizaci\u00f3n de restos \u00f3seos de por lo menos 113 personas, de los cuales solo han sido identificados tres.<\/p>\n\n\n\n<p>Durante los \u00faltimos 6 a\u00f1os, en las jornadas de b\u00fasqueda acudieron en repetidas ocasiones al SEMEFO de Chilpancingo para pedir informes de los desaparecidos, tambi\u00e9n esperaban recibir respuesta de su marido sin que le hicieran alguna confirmaci\u00f3n.<\/p>\n\n\n\n<p>Seis a\u00f1os despu\u00e9s, de manera inesperada, las autoridades le confirmaran la identificaci\u00f3n de su esposo y le dijeron que en realidad se encontrab\u00e1 en la c\u00e1mara frigor\u00edfica del SEMEFO desde abril de 2019.<\/p>\n\n\n\n<p>La Se\u00f1ora Austreberta dijo que al momento de su desaparici\u00f3n, ella y su esposo ten\u00edan una hija de 7 a\u00f1os que est\u00e1 por cumplir 13, adem\u00e1s de dos hijos de un primer matrimonio, con quienes ahora compartir\u00e1 la tranquilidad de darle sepultura a su familiar.<\/p>\n\n\n\n<p>Lament\u00f3 la falta de sensibilidad y la burocracia de las autoridades que, adem\u00e1s de retrasar la identificaci\u00f3n y entrega de los restos, prolongan el sufrimiento de las familias que son v\u00edctimas de una espiral de violencia que hasta el momento no tiene fecha de caducidad.<\/p>\n","protected":false},"excerpt":{"rendered":"<p>&#8212; Desapareci\u00f3 en enero de 2019, fue localizado en abril del mismo a\u00f1o pero su familia lo recuper\u00f3 este 21 de enero de 2025 Dassaev T\u00e9llez La se\u00f1ora Austreberta, quien&hellip; <\/p>\n","protected":false},"author":9,"featured_media":86649,"comment_status":"open","ping_status":"open","sticky":false,"template":"","format":"standard","meta":{"fifu_image_url":"","fifu_image_alt":"","footnotes":""},"categories":[11],"tags":[],"class_list":["post-86648","post","type-post","status-publish","format-standard","has-post-thumbnail","hentry","category-guerrero"],"_links":{"self":[{"href":"https:\/\/www.interaccionnoticias.com.mx\/index.php?rest_route=\/wp\/v2\/posts\/86648","targetHints":{"allow":["GET"]}}],"collection":[{"href":"https:\/\/www.interaccionnoticias.com.mx\/index.php?rest_route=\/wp\/v2\/posts"}],"about":[{"href":"https:\/\/www.interaccionnoticias.com.mx\/index.php?rest_route=\/wp\/v2\/types\/post"}],"author":[{"embeddable":true,"href":"https:\/\/www.interaccionnoticias.com.mx\/index.php?rest_route=\/wp\/v2\/users\/9"}],"replies":[{"embeddable":true,"href":"https:\/\/www.interaccionnoticias.com.mx\/index.php?rest_route=%2Fwp%2Fv2%2Fcomments&post=86648"}],"version-history":[{"count":2,"href":"https:\/\/www.interaccionnoticias.com.mx\/index.php?rest_route=\/wp\/v2\/posts\/86648\/revisions"}],"predecessor-version":[{"id":86652,"href":"https:\/\/www.interaccionnoticias.com.mx\/index.php?rest_route=\/wp\/v2\/posts\/86648\/revisions\/86652"}],"wp:featuredmedia":[{"embeddable":true,"href":"https:\/\/www.interaccionnoticias.com.mx\/index.php?rest_route=\/wp\/v2\/media\/86649"}],"wp:attachment":[{"href":"https:\/\/www.interaccionnoticias.com.mx\/index.php?rest_route=%2Fwp%2Fv2%2Fmedia&parent=86648"}],"wp:term":[{"taxonomy":"category","embeddable":true,"href":"https:\/\/www.interaccionnoticias.com.mx\/index.php?rest_route=%2Fwp%2Fv2%2Fcategories&post=86648"},{"taxonomy":"post_tag","embeddable":true,"href":"https:\/\/www.interaccionnoticias.com.mx\/index.php?rest_route=%2Fwp%2Fv2%2Ftags&post=86648"}],"curies":[{"name":"wp","href":"https:\/\/api.w.org\/{rel}","templated":true}]}}