{"id":8664,"date":"2017-09-28T19:40:03","date_gmt":"2017-09-29T00:40:03","guid":{"rendered":"http:\/\/www.inter-accion.com.mx\/?p=8664"},"modified":"2017-09-28T19:40:03","modified_gmt":"2017-09-29T00:40:03","slug":"en-menos-de-un-ano-van-siete-enfrentamientos-entre-la-upoeg-y-el-fusdeg","status":"publish","type":"post","link":"https:\/\/www.interaccionnoticias.com.mx\/?p=8664","title":{"rendered":"En menos de un a\u00f1o van siete enfrentamientos entre la UPOEG y el FUSDEG"},"content":{"rendered":"<p><strong>\u00abEl dialogo es impensable\u00bb, asegura comandante de Tierra Colorada&nbsp;<\/strong><br \/>\nEn menos de un a\u00f1o, las autodefensas de la Uni\u00f3n de Pueblos y Organizaciones del Estado de Guerrero (UPOEG) y del Frente Unido por la Seguridad y el Desarrollo Social del Estado (FUDEG) han sostenido siete enfrentamientos por el control de la cabecera municipal de Tierra Colorada, cabecera municipal de Juan R. Escudero.<br \/>\nLa madrugada del jueves 28 de septiembre, al menos ocho camionetas con cerca de 60 hombres armados a bordo irrumpieron en la cabecera municipal de Juan R. Escudero y se dirigieron hacia un punto que los integrantes el FUSDEG consideraban inatacable, su comandancia general.<br \/>\nMaximino Alejo Prudencio, comandante municipal del frente, sostiene que en el ataque se utilizaron rifles AK-47, AR-15 y probablemente un Calibre 50, lo que sustenta se\u00f1alando los grandes boquetes que las ojivas dejaron en las paredes verdes del inmueble, ubicado sobre la carretera federal M\u00e9xico-Acapulco.<br \/>\nLa incursi\u00f3n se registr\u00f3 alrededor de las 03:30 horas, en ese lugar muri\u00f3 el comandante de la Polic\u00eda Ciudadana (PC) Juan Ponce Nava, vecino de la colonia San Antonio de Tierra Colorada.&nbsp;&nbsp;&nbsp;<br \/>\n\u201cLo que pas\u00f3 es que tuvimos un ataque de la UPOEG y los Ardillos, fue un ataque ruin y cobarde que hicieron\u201d, sostiene el hombre arrumbado en un escritorio, en donde descansa un rifle H&amp;K, de fabricaci\u00f3n alemana y del que justifica su posesi\u00f3n, para no generar sospechas respecto a su origen.<br \/>\n\u201cEste rifle se lo decomisamos al jefe de plaza de la comunidad de Petaquillas (comunidad perteneciente a Chilpancingo, era un delincuente al que apodan El Talib\u00e1n quien al parecer est\u00e1 preso\u201d, anot\u00f3.<br \/>\nLa mayor\u00eda de los que estaban en el lugar al momento del ataque, dijo que eran hombres mayores, campesinos que utilizan rifles y escopetas de bajo calibre para resguardar a su comunidad.<br \/>\nEn la parte de frente, cerca de una esquina se observan los restos de una de las dos granadas que asegura, fueron detonadas en la puerta de acceso con la intenci\u00f3n de provocar el mayor da\u00f1o posible a la organizaci\u00f3n.<br \/>\nAunque oficialmente no hay informaci\u00f3n sobre bajas en las filas de la UPOEG, Alejo Prudencio refiere que por lo menos se llevaron a tres elementos muertos.<br \/>\n\u201cEllos vinieron para atacarnos, tra\u00edan armamento pesado, carros blindados y salieron m\u00e1s jodidos\u201d, coment\u00f3 con rostro inexpresivo.<br \/>\nEn las casas de dos consejeros del frente los de la Uni\u00f3n de Pueblos utilizaron marros para tratar de romper chapas y candados, los moradores los repelieron desde dentro de las viviendas, por lo que no cumplieron su cometido.<br \/>\n<strong>Somos un estorbo<\/strong><br \/>\nAlejo Prudente se cubre la cabeza con una gorra camuflada, la cual tiene rotuladas las siglas del FUSDEG en letras blancas en la parte frontal, se protege con un chaleco t\u00e1ctico negro y viste la playera camuflada, esa por la que sus adversarios de la UPOEG se refieren a los polic\u00edas del frente como \u201cLos Pintos\u201d.<br \/>\nRecuerda que en poco tiempo, a partir de la alianza que la uni\u00f3n de pueblos afianz\u00f3 con grupos del crimen organizado logr\u00f3 despojarles el control de Petaquillas, Ocotito, Mohoneras y la zona rural de Acapulco, quedando en control del FUSDEG solamente Juan R. Escudero y sus comunidades.<br \/>\nEl \u00fanico momento en el que eleva ligeramente la voz,&nbsp;&nbsp;es cuando explica la raz\u00f3n por la que se pretende desmantelar al frente en Tierra Colorada: \u201cEllos quieren esta base para facilitar el trasiego de la droga, saben que aqu\u00ed no se siembra pero quieren el paso, la realidad es que les estorbamos y solamente quedamos en este punto\u201d.<br \/>\nEsa, de acuerdo a la interpretaci\u00f3n del dirigente de la PC del FUSDEG, es la raz\u00f3n por la que en menos de un a\u00f1o se han generado siete enfrentamientos armados que han costado la vida de cuatro integrantes del FUSDEG, dos de ellos actualmente permanecen en calidad de desaparecidos.<br \/>\nAunque de los cuatro ca\u00eddos dos no aparecen, el comandante \u201cchimino\u201d sostiene que en el pueblo ya los dan por muertos: \u201cse los llevaron ellos, no creemos que los tengan vivos y solamente no sabemos en donde los tiraron\u201d.<br \/>\nDe los enfrentamientos que recuerda, dos se han registrado en la cabecera y cinco en las comunidades, los m\u00e1s cruentos en San Juan del Reparo y Tlayolapa.&nbsp;&nbsp;<br \/>\n<strong>Impensable dialogar<\/strong><br \/>\nMientras se desarrolla la entrevista, polic\u00edas del estado y elementos del Ej\u00e9rcito Mexicano recorren la carretera federal y las colonias de Tierra Colorada, con la intenci\u00f3n de inhibir el intento de una nueva&nbsp;&nbsp;incursi\u00f3n.<br \/>\nSin levantarse del escritorio que hasta hace poco ocupara Salvador Alan\u00eds Trujillo, quien tuvo que retirarse por el riesgo a ser asesinado, M\u00e1ximino Alejo sostiene que a estas alturas ya es impensable dialogar con la UPOEG.<br \/>\n\u201cLo que pasa es que ellos son ma\u00f1a, delincuentes, nosotros no tenemos nada que dialogar con esas gentes, son delincuentes disfrazados de comunitarios y pues aqu\u00ed solo estamos cuidando al pueblo\u201d.<br \/>\nDeja caer las palmas de las manos a poca distancia de donde descansa el H&amp;K, arma equiparada al poder de fuego del AK-47, luego reconoce que el ataque de la madrugada del jueves sac\u00f3 al FUSDEG de un estado de excesiva confianza.<br \/>\n\u201cLa verdad es que ya nos est\u00e1bamos confiando porque cre\u00edamos que ya hab\u00eda pasado lo m\u00e1s duro, hace poco hasta dorm\u00edamos parapetados en las entradas y de pronto nos confiamos, pero ahora nuevamente estamos a las vivas\u201d.<\/p>\n","protected":false},"excerpt":{"rendered":"<p>\u00abEl dialogo es impensable\u00bb, asegura comandante de Tierra Colorada&nbsp; En menos de un a\u00f1o, las autodefensas de la Uni\u00f3n de Pueblos y Organizaciones del Estado de Guerrero (UPOEG) y del&hellip; <\/p>\n","protected":false},"author":1,"featured_media":0,"comment_status":"closed","ping_status":"closed","sticky":false,"template":"","format":"standard","meta":{"fifu_image_url":"","fifu_image_alt":"","footnotes":""},"categories":[8,24],"tags":[],"class_list":["post-8664","post","type-post","status-publish","format-standard","hentry","category-featured","category-reportajes"],"_links":{"self":[{"href":"https:\/\/www.interaccionnoticias.com.mx\/index.php?rest_route=\/wp\/v2\/posts\/8664","targetHints":{"allow":["GET"]}}],"collection":[{"href":"https:\/\/www.interaccionnoticias.com.mx\/index.php?rest_route=\/wp\/v2\/posts"}],"about":[{"href":"https:\/\/www.interaccionnoticias.com.mx\/index.php?rest_route=\/wp\/v2\/types\/post"}],"author":[{"embeddable":true,"href":"https:\/\/www.interaccionnoticias.com.mx\/index.php?rest_route=\/wp\/v2\/users\/1"}],"replies":[{"embeddable":true,"href":"https:\/\/www.interaccionnoticias.com.mx\/index.php?rest_route=%2Fwp%2Fv2%2Fcomments&post=8664"}],"version-history":[{"count":0,"href":"https:\/\/www.interaccionnoticias.com.mx\/index.php?rest_route=\/wp\/v2\/posts\/8664\/revisions"}],"wp:attachment":[{"href":"https:\/\/www.interaccionnoticias.com.mx\/index.php?rest_route=%2Fwp%2Fv2%2Fmedia&parent=8664"}],"wp:term":[{"taxonomy":"category","embeddable":true,"href":"https:\/\/www.interaccionnoticias.com.mx\/index.php?rest_route=%2Fwp%2Fv2%2Fcategories&post=8664"},{"taxonomy":"post_tag","embeddable":true,"href":"https:\/\/www.interaccionnoticias.com.mx\/index.php?rest_route=%2Fwp%2Fv2%2Ftags&post=8664"}],"curies":[{"name":"wp","href":"https:\/\/api.w.org\/{rel}","templated":true}]}}