{"id":8654,"date":"2017-09-28T17:20:09","date_gmt":"2017-09-28T22:20:09","guid":{"rendered":"http:\/\/www.inter-accion.com.mx\/?p=8654"},"modified":"2017-09-28T17:20:09","modified_gmt":"2017-09-28T22:20:09","slug":"militares-y-policias-van-a-resguardar-el-corredor-chilapa-tixtla-chilpancingo","status":"publish","type":"post","link":"https:\/\/www.interaccionnoticias.com.mx\/?p=8654","title":{"rendered":"Militares y polic\u00edas van a resguardar el corredor Chilapa-Tixtla-Chilpancingo"},"content":{"rendered":"<p><strong>La delincuencia inhibe el servicio del transporte p\u00fablico<\/strong><br \/>\n<strong>La ruta es disputada por \u201cRojos\u201d y \u201cArdillos\u201d<\/strong><br \/>\nEl gobernador H\u00e9ctor Astudillo Flores indic\u00f3 que a partir de este d\u00eda, personal del Ej\u00e9rcito Mexicano y la Polic\u00eda del Estado van a resguardar el corredor que va de Chilapa hacia Chilpancingo, para evitar que la delincuencia inhiba el trabajo de las unidades que prestan el servicio del transporte p\u00fablico a la ciudadan\u00eda.<br \/>\nDesde hace varios meses, los choferes de los sitios que cubren la ruta Chilapa, Tixtla y Chilpancingo son objeto de presi\u00f3n por parte de los grupos de delincuentes que se disputan el control de la zona.<br \/>\nLos ataques han sido recurrentes en las bases que cubren las tres ciudades, ubicadas en las regiones Centro y Monta\u00f1a, principalmente en la parte baja.<br \/>\nEl caso m\u00e1s reciente se registr\u00f3 el viernes 22 de septiembre, cuando una urvan fue interceptada en las inmediaciones del cerro del Machohua, sobre el antiguo libramiento a Tixtla.<br \/>\nEn ese hecho,&nbsp;&nbsp;el trabajador del volante fue asesinado&nbsp;&nbsp;y la unidad quemada, lo que gener\u00f3 temor entre sus compa\u00f1eros que decidieron dejar de prestar el servicio.<br \/>\nEl lunes, maestros disidentes bloquearon la salida norte de Tixtla, con la intenci\u00f3n de reclamar a las autoridades que otorguen todas las garant\u00edas para trasladarse hacia las escuelas ubicadas en la Monta\u00f1a baja, principalmente.<br \/>\nLos representantes sindicales explicaron que de manera cotidiana deben utilizar las unidades del servicio p\u00fablico, pero durante los \u00faltimos meses el n\u00famero de unidades fue mermando de manera importante.<br \/>\nLos mentores permanecieron por espacio de 12 horas sobre la carretera, generando un gran congestionamiento entre los automovilistas que llegaban de la monta\u00f1a, que pese al retraso, en su mayor\u00eda manifestaron su solidaridad con los mentores.<br \/>\nLa tarde del 26 de septiembre, en el&nbsp;&nbsp;nuevo libramiento, cuatro hombres armados con rifles de asalto AK-47&nbsp;&nbsp;interceptaron un autob\u00fas que de manera emergente ofrec\u00eda el servicio de transporte p\u00fablico, ante la ausencia de unidades tipo urvan.<br \/>\nLos pasajeros fueron tirados boca abajo en la carretera, sus agresores les quitaron dinero y pertenencias, al retirarse incendiaron el cami\u00f3n.<br \/>\nEl vocero del Grupo de Coordinaci\u00f3n Guerrero (GCG), Roberto Alvarez Heredia manifest\u00f3 que las v\u00edctimas del robo eran jornaleros migrantes que intentaban llegar a la frontera norte del pa\u00eds para trabajar, pero nunca se pudo ubicar a los jornaleros migrantes.<br \/>\nEl&nbsp;&nbsp;vocero del Centro de Derechos Humanos Jos\u00e9 Mar\u00eda Morelos y Pav\u00f3n, Manuel Olivares Hern\u00e1ndez neg\u00f3 que en estos d\u00edas haya movimiento de jornaleros agr\u00edcolas, con el argumento de que dicho colectivo tiene el monitoreo puntual de los movimientos migratorios internos que se registran en la Monta\u00f1a.<br \/>\nOlivares Hern\u00e1ndez, indic\u00f3 que el robo representaba un mensaje dirigidos a los empresarios que pretendan ofrecer el servicio de transporte sin el consentimiento de la delincuencia.<br \/>\nLa ma\u00f1ana del jueves 28 de septiembre, el gobernador Astudillo Flores manifest\u00f3 que este mismo d\u00eda, personal de la Secretar\u00eda de la Defensa Nacional (Sedena) y la Polic\u00eda del Estado instalar\u00e1n m\u00f3dulos de vigilancia en varios puntos estrat\u00e9gicos del corredor Chiapa-Tixtla-Chilpancingo.<br \/>\n\u201cVamos a poner en marcha una base de grupos que van a estar entre la carretera entre Chilpancingo y Chilapa, pues es un corredor que ha dado muchos problemas\u201d, anot\u00f3 el jefe del Ejecutivo local.<br \/>\n<strong>Profesores de la Monta\u00f1a protestan en Chilpancingo<\/strong><br \/>\nLa tarde del mismo jueves, profesores de la Monta\u00f1a baja bloquearon la avenida de los Insurgentes, en la capital del estado.<br \/>\nDijeron que mientras no haya servicio de transporte ellos no van a regresar a Chilapa, porque no tienen herramientas para trasladarse.<br \/>\nLiderados por Juan Manuel Acevedo, secretario de organizaci\u00f3n en la regi\u00f3n Monta\u00f1a, los mentores declinaron hablar sobre el tema de la inseguridad, se limitaron a se\u00f1alar que esperar\u00e1n a que se les restituya el servicio colectivo, adem\u00e1s de que las autoridades garanticen la seguridad en cada viaje.<br \/>\nLos afectados son por lo menos 3 mil profesores, lo que genera la paralizaci\u00f3n del 80 porciento de escuelas en la zona.<\/p>\n","protected":false},"excerpt":{"rendered":"<p>La delincuencia inhibe el servicio del transporte p\u00fablico La ruta es disputada por \u201cRojos\u201d y \u201cArdillos\u201d El gobernador H\u00e9ctor Astudillo Flores indic\u00f3 que a partir de este d\u00eda, personal del&hellip; <\/p>\n","protected":false},"author":1,"featured_media":0,"comment_status":"closed","ping_status":"closed","sticky":false,"template":"","format":"standard","meta":{"fifu_image_url":"","fifu_image_alt":"","footnotes":""},"categories":[8,27],"tags":[],"class_list":["post-8654","post","type-post","status-publish","format-standard","hentry","category-featured","category-seguridad-publica"],"_links":{"self":[{"href":"https:\/\/www.interaccionnoticias.com.mx\/index.php?rest_route=\/wp\/v2\/posts\/8654","targetHints":{"allow":["GET"]}}],"collection":[{"href":"https:\/\/www.interaccionnoticias.com.mx\/index.php?rest_route=\/wp\/v2\/posts"}],"about":[{"href":"https:\/\/www.interaccionnoticias.com.mx\/index.php?rest_route=\/wp\/v2\/types\/post"}],"author":[{"embeddable":true,"href":"https:\/\/www.interaccionnoticias.com.mx\/index.php?rest_route=\/wp\/v2\/users\/1"}],"replies":[{"embeddable":true,"href":"https:\/\/www.interaccionnoticias.com.mx\/index.php?rest_route=%2Fwp%2Fv2%2Fcomments&post=8654"}],"version-history":[{"count":0,"href":"https:\/\/www.interaccionnoticias.com.mx\/index.php?rest_route=\/wp\/v2\/posts\/8654\/revisions"}],"wp:attachment":[{"href":"https:\/\/www.interaccionnoticias.com.mx\/index.php?rest_route=%2Fwp%2Fv2%2Fmedia&parent=8654"}],"wp:term":[{"taxonomy":"category","embeddable":true,"href":"https:\/\/www.interaccionnoticias.com.mx\/index.php?rest_route=%2Fwp%2Fv2%2Fcategories&post=8654"},{"taxonomy":"post_tag","embeddable":true,"href":"https:\/\/www.interaccionnoticias.com.mx\/index.php?rest_route=%2Fwp%2Fv2%2Ftags&post=8654"}],"curies":[{"name":"wp","href":"https:\/\/api.w.org\/{rel}","templated":true}]}}