{"id":86525,"date":"2025-01-19T17:22:32","date_gmt":"2025-01-19T23:22:32","guid":{"rendered":"https:\/\/www.interaccionnoticias.com.mx\/?p=86525"},"modified":"2025-01-19T17:24:01","modified_gmt":"2025-01-19T23:24:01","slug":"migrantes-guerrerenses-tienen-buenas-expectativas","status":"publish","type":"post","link":"https:\/\/www.interaccionnoticias.com.mx\/?p=86525","title":{"rendered":"Organizaciones de migrantes guerrerenses tienen buenas expectativas de la administraci\u00f3n de Trump"},"content":{"rendered":"\n<p><strong><em>&#8212; Aseguran que cuando Trump fue presidente por primer ocasi\u00f3n en Estados Unidos mejor\u00f3 la econom\u00eda de ese pa\u00eds<\/em><\/strong><\/p>\n\n\n\n<p><strong>Rosario Garc\u00eda Orozco<\/strong><\/p>\n\n\n\n<p>Migrantes guerrerenses, radicados en Estados Unidos tienen una buena expectativa sobre la administraci\u00f3n de Donald Trump, quien este lunes toma protesta como presidente de ese pa\u00eds.<\/p>\n\n\n\n<p>El presidente de la Federaci\u00f3n Guerrerense Binacional, que tiene su sede en California, Gaudencio V\u00e9lez Catal\u00e1n, consider\u00f3 que contrario a lo que opinan algunos sectores mexicanos, los mexicanos que viven en EUA no tienen ning\u00fan temor por el inicio del gobierno de Donald Trump, al contrario, conf\u00edan en que, al igual que en su primer administraci\u00f3n mejore su econom\u00eda, \u201ccreo que \u00e9l va a seguir esa misma l\u00ednea, ya que en ese aspecto se gan\u00f3 el respeto de todos los trabajadores en este pa\u00eds\u00bb.<\/p>\n\n\n\n<p>Entrevistado v\u00eda telef\u00f3nica, el dirigente de migrantes guerrerenses record\u00f3 que en los cuatro a\u00f1os de su primer gobierno, \u00abTrump no hizo m\u00e1s deportaciones que las que hicieron otros presidentes, incluso otros han deportado mucho m\u00e1s gente\u201d, como fue el caso de Barack Obama.<\/p>\n\n\n\n<p>El presidente de la Federaci\u00f3n Guerrerense Binacional calific\u00f3 como \u00abexagerada la satanizaci\u00f3n en contra de Donald Trump que hace el propio gobierno mexicano\u00bb, y consider\u00f3 que se trata de un \u201cforcejeo pol\u00edtico entre el gobierno de M\u00e9xico y \u00e9l\u201d.<\/p>\n\n\n\n<p>Coment\u00f3 que el anuncio del recrudecimiento de la pol\u00edtica migratoria que desde su campa\u00f1a pol\u00edtica anunci\u00f3 Trump, de debe a las caravanas de indocumentados \u201cporque entran a ese pa\u00eds como Pedro por su casa, cruzan por todo M\u00e9xico y hasta les aplauden y \u00e9l (Donald Trump) no quiere eso, sino que quienes lleguen a Estados Unidos lo hagan de manera regularizada, que sean personas que cumplan con un tr\u00e1mite, que sea una migraci\u00f3n que cumpla con las leyes de este pa\u00eds\u201d.<\/p>\n\n\n\n<p>Agreg\u00f3 que lo que pretende Trump es que el gobierno mexicano trate de contener la ola de migrantes que cruzan M\u00e9xico hacia Estados Unidos y \u201cque no les den el paso libre, que no les faciliten el paso, porque hay una banda de venezolanos que han entrado por M\u00e9xico y han hecho destrozo y medio en este pa\u00eds, y es lo que \u00e9l no quiere\u201d.<\/p>\n\n\n\n<p>V\u00e9lez Catal\u00e1n tambi\u00e9n coment\u00f3 que ninguna de las 167 organizaciones y clubes de migrantes que existen en Estados Unidos de Am\u00e9rica tiene conocimiento que se haya cometido alg\u00fan tipo de atentado en contra el sector laboral de latinos que trabajan en el pa\u00eds vecino.<\/p>\n\n\n\n<p>Dijo que por lo menos la organizaci\u00f3n que \u00e9l lidera est\u00e1 atenta a cualquier situaci\u00f3n que afecte a la poblaci\u00f3n migrante mexicana y guerrerense en especial, esfuerzo en el que se encuentra en coordinaci\u00f3n con la Secretar\u00eda del Migrante y Asuntos Internacionales del Gobierno de Guerrero.<\/p>\n","protected":false},"excerpt":{"rendered":"<p>&#8212; Aseguran que cuando Trump fue presidente por primer ocasi\u00f3n en Estados Unidos mejor\u00f3 la econom\u00eda de ese pa\u00eds Rosario Garc\u00eda Orozco Migrantes guerrerenses, radicados en Estados Unidos tienen una&hellip; <\/p>\n","protected":false},"author":14,"featured_media":79524,"comment_status":"open","ping_status":"open","sticky":false,"template":"","format":"standard","meta":{"fifu_image_url":"","fifu_image_alt":"","footnotes":""},"categories":[11],"tags":[],"class_list":["post-86525","post","type-post","status-publish","format-standard","has-post-thumbnail","hentry","category-guerrero"],"_links":{"self":[{"href":"https:\/\/www.interaccionnoticias.com.mx\/index.php?rest_route=\/wp\/v2\/posts\/86525","targetHints":{"allow":["GET"]}}],"collection":[{"href":"https:\/\/www.interaccionnoticias.com.mx\/index.php?rest_route=\/wp\/v2\/posts"}],"about":[{"href":"https:\/\/www.interaccionnoticias.com.mx\/index.php?rest_route=\/wp\/v2\/types\/post"}],"author":[{"embeddable":true,"href":"https:\/\/www.interaccionnoticias.com.mx\/index.php?rest_route=\/wp\/v2\/users\/14"}],"replies":[{"embeddable":true,"href":"https:\/\/www.interaccionnoticias.com.mx\/index.php?rest_route=%2Fwp%2Fv2%2Fcomments&post=86525"}],"version-history":[{"count":2,"href":"https:\/\/www.interaccionnoticias.com.mx\/index.php?rest_route=\/wp\/v2\/posts\/86525\/revisions"}],"predecessor-version":[{"id":86527,"href":"https:\/\/www.interaccionnoticias.com.mx\/index.php?rest_route=\/wp\/v2\/posts\/86525\/revisions\/86527"}],"wp:featuredmedia":[{"embeddable":true,"href":"https:\/\/www.interaccionnoticias.com.mx\/index.php?rest_route=\/wp\/v2\/media\/79524"}],"wp:attachment":[{"href":"https:\/\/www.interaccionnoticias.com.mx\/index.php?rest_route=%2Fwp%2Fv2%2Fmedia&parent=86525"}],"wp:term":[{"taxonomy":"category","embeddable":true,"href":"https:\/\/www.interaccionnoticias.com.mx\/index.php?rest_route=%2Fwp%2Fv2%2Fcategories&post=86525"},{"taxonomy":"post_tag","embeddable":true,"href":"https:\/\/www.interaccionnoticias.com.mx\/index.php?rest_route=%2Fwp%2Fv2%2Ftags&post=86525"}],"curies":[{"name":"wp","href":"https:\/\/api.w.org\/{rel}","templated":true}]}}