{"id":8651,"date":"2017-09-28T17:04:59","date_gmt":"2017-09-28T22:04:59","guid":{"rendered":"http:\/\/www.inter-accion.com.mx\/?p=8651"},"modified":"2017-09-28T17:04:59","modified_gmt":"2017-09-28T22:04:59","slug":"confirma-astudillo-enfrentamiento-entre-upoeg-y-fusdeg","status":"publish","type":"post","link":"https:\/\/www.interaccionnoticias.com.mx\/?p=8651","title":{"rendered":"Confirma Astudillo enfrentamiento entre UPOEG y FUSDEG"},"content":{"rendered":"<p><strong>Un muerto y tres heridos, el saldo preliminar<\/strong><br \/>\nEl gobernador H\u00e9ctor Astudillo Flores confirm\u00f3 que durante la madrugada del jueves, las autodefensas de La Uni\u00f3n de Pueblos y Organizaciones del Estado de Guerrero (UPOEG) y del Frente Unido por la Seguridad y el Dwsarrollo (FUSDEG) se enfrentaron a balazos en Tierra Colorada, con el saldo de un muerto y por lo menos tres heridos.<br \/>\nEn Chilpancingo, Astudillo Flores confirm\u00f3 qur ten\u00eda informaci\u00f3n relacionada con el encontronazo armado de ambas organizaciones, a las que se refiri\u00f3 como grupos armados que desde hace varios meses se disputan el corredor geogr\u00e1fico que va de Chilpancingo hacia el puerto de Acapulco, por lo que de manera recurrente escenifican ese tipo de acciones.<br \/>\n\u00abAh\u00ed, hay una persona, de acuerdo a la informaci\u00f3n que tengo que falleci\u00f3\u00bb, indic\u00f3 el jefe del Ejecutivo local.<br \/>\nDe acuerdo con los reportes polic\u00edacos que existen, alrededor de las 03:30 horas, integrantes de la UPOEG atacaron el m\u00f3dulo de seguridad que el FUSDEG tiene en Tierra Colorada, en la cabecera municipal de Juan R. Escudero.<br \/>\nEl saldo de dicho ataque fue de un comandante del FUSDEG muerto y tres personas heridas, uno de ellos integrante de la Uni\u00f3n de Pueblos.<br \/>\nLa ma\u00f1ana del jueves, personal de la Polic\u00eda del Estado y de la federal llegaron a la cabecera municipal, con la intenci\u00f3n de evitar m\u00e1s enfrentamientos.<\/p>\n","protected":false},"excerpt":{"rendered":"<p>Un muerto y tres heridos, el saldo preliminar El gobernador H\u00e9ctor Astudillo Flores confirm\u00f3 que durante la madrugada del jueves, las autodefensas de La Uni\u00f3n de Pueblos y Organizaciones del&hellip; <\/p>\n","protected":false},"author":1,"featured_media":0,"comment_status":"closed","ping_status":"closed","sticky":false,"template":"","format":"standard","meta":{"fifu_image_url":"","fifu_image_alt":"","footnotes":""},"categories":[8,11],"tags":[],"class_list":["post-8651","post","type-post","status-publish","format-standard","hentry","category-featured","category-guerrero"],"_links":{"self":[{"href":"https:\/\/www.interaccionnoticias.com.mx\/index.php?rest_route=\/wp\/v2\/posts\/8651","targetHints":{"allow":["GET"]}}],"collection":[{"href":"https:\/\/www.interaccionnoticias.com.mx\/index.php?rest_route=\/wp\/v2\/posts"}],"about":[{"href":"https:\/\/www.interaccionnoticias.com.mx\/index.php?rest_route=\/wp\/v2\/types\/post"}],"author":[{"embeddable":true,"href":"https:\/\/www.interaccionnoticias.com.mx\/index.php?rest_route=\/wp\/v2\/users\/1"}],"replies":[{"embeddable":true,"href":"https:\/\/www.interaccionnoticias.com.mx\/index.php?rest_route=%2Fwp%2Fv2%2Fcomments&post=8651"}],"version-history":[{"count":0,"href":"https:\/\/www.interaccionnoticias.com.mx\/index.php?rest_route=\/wp\/v2\/posts\/8651\/revisions"}],"wp:attachment":[{"href":"https:\/\/www.interaccionnoticias.com.mx\/index.php?rest_route=%2Fwp%2Fv2%2Fmedia&parent=8651"}],"wp:term":[{"taxonomy":"category","embeddable":true,"href":"https:\/\/www.interaccionnoticias.com.mx\/index.php?rest_route=%2Fwp%2Fv2%2Fcategories&post=8651"},{"taxonomy":"post_tag","embeddable":true,"href":"https:\/\/www.interaccionnoticias.com.mx\/index.php?rest_route=%2Fwp%2Fv2%2Ftags&post=8651"}],"curies":[{"name":"wp","href":"https:\/\/api.w.org\/{rel}","templated":true}]}}