{"id":86507,"date":"2025-01-19T12:15:33","date_gmt":"2025-01-19T18:15:33","guid":{"rendered":"https:\/\/www.interaccionnoticias.com.mx\/?p=86507"},"modified":"2025-01-19T12:15:36","modified_gmt":"2025-01-19T18:15:36","slug":"visa-a-la-gubernatura","status":"publish","type":"post","link":"https:\/\/www.interaccionnoticias.com.mx\/?p=86507","title":{"rendered":"Visa a la gubernatura"},"content":{"rendered":"\n<p><strong>David Mart\u00ednez T\u00e9llez<\/strong><\/p>\n\n\n\n<p><strong><em>Analista pol\u00edtico, comunic\u00f3logo y acad\u00e9mico UAGro<\/em><\/strong><\/p>\n\n\n\n<p>F\u00e9lix Salgado Macedonio acaba de conseguir la visa para la gubernatura de Guerrero en 2027.<\/p>\n\n\n\n<p>Ya tra\u00eda el pasaporte. \u00c9l mismo lo tramit\u00f3 al declarar que deseaba ser candidato.<\/p>\n\n\n\n<p>Sigo considerando que esta postulaci\u00f3n debilita a la actual gobernadora porque la campa\u00f1a de F\u00e9lix atrae reflectores de sociedad y actores pol\u00edticos. En el mismo tenor fortalece a la familia y a los allegados a \u00e9sta. \u00a1Vaya disyuntiva de los cercanos\u201d!<\/p>\n\n\n\n<p>O est\u00e1s con la gobernadora o est\u00e1s con el candidato a la mitad del sexenio.<\/p>\n\n\n\n<p>He considerado que F\u00e9lix ha sido un pol\u00edtico consentido por el ex presidente Andr\u00e9s Manuel L\u00f3pez Obrador. La caracter\u00edstica que los une es la popularidad. Ambos carecen de otras cualidades. AMLO es muy h\u00e1bil para conservar el poder.<\/p>\n\n\n\n<pre class=\"wp-block-code\"><code>Hasta el momento se desconoce de qui\u00e9n fue la idea (si de F\u00e9lix o de Andr\u00e9s) de proponer a la hija como candidata para sustituir al pap\u00e1 a quien le quitaron esa posibilidad.<\/code><\/pre>\n\n\n\n<p>Me atrevo a pensar que ese remplazo de la hija por el padre provino de presidencia; el antecedente se localiza en Iztapalapa con el relevo de Clara Brugada \u2013hoy gobernante en la Ciudad de M\u00e9xico- por Juanito o mejor dicho Rafael Acosta \u00c1ngeles. Hoy borrado del mapa pol\u00edtico.<\/p>\n\n\n\n<p>La presidenta Claudia Sheinbaum anunci\u00f3 en el terreno pol\u00edtico cancelar la reelecci\u00f3n, eliminar los plurinominales y desterrar el nepotismo. Fueron temas de campa\u00f1a. Ahora nos dijo que algunos de esos temas ser\u00e1n propuestos, discutidos y aprobados al t\u00e9rmino de su sexenio; es decir, en 2030.<\/p>\n\n\n\n<p>Esa posici\u00f3n se traduce en que Sheinbaum tiene el poder formal, pero el real lo mantiene L\u00f3pez Obrador.<\/p>\n\n\n\n<p>No es la primera vez que AMLO nos lo demuestra. En la CNDH lo hizo al reelegir a Rosario de Piedra. Repiti\u00f3 en la Fiscal\u00eda de la Ciudad de M\u00e9xico con Bertha Alcalde Luj\u00e1n, hermana (nepotismo) de Luisa Mar\u00eda presidenta nacional de Morena. En estos d\u00edas con F\u00e9lix para candidato a gobernador de Guerrero.<\/p>\n\n\n\n<p>Salgado Macedonio con la reforma al poder judicial tiene todas las condiciones para gobernar Guerrero del 2027 al 2033. S\u00f3lo un milagro lo impedir\u00eda.<\/p>\n","protected":false},"excerpt":{"rendered":"<p>David Mart\u00ednez T\u00e9llez Analista pol\u00edtico, comunic\u00f3logo y acad\u00e9mico UAGro F\u00e9lix Salgado Macedonio acaba de conseguir la visa para la gubernatura de Guerrero en 2027. Ya tra\u00eda el pasaporte. \u00c9l mismo&hellip; <\/p>\n","protected":false},"author":27,"featured_media":82316,"comment_status":"open","ping_status":"open","sticky":false,"template":"","format":"standard","meta":{"fifu_image_url":"","fifu_image_alt":"","footnotes":""},"categories":[16],"tags":[],"class_list":["post-86507","post","type-post","status-publish","format-standard","has-post-thumbnail","hentry","category-opinion"],"_links":{"self":[{"href":"https:\/\/www.interaccionnoticias.com.mx\/index.php?rest_route=\/wp\/v2\/posts\/86507","targetHints":{"allow":["GET"]}}],"collection":[{"href":"https:\/\/www.interaccionnoticias.com.mx\/index.php?rest_route=\/wp\/v2\/posts"}],"about":[{"href":"https:\/\/www.interaccionnoticias.com.mx\/index.php?rest_route=\/wp\/v2\/types\/post"}],"author":[{"embeddable":true,"href":"https:\/\/www.interaccionnoticias.com.mx\/index.php?rest_route=\/wp\/v2\/users\/27"}],"replies":[{"embeddable":true,"href":"https:\/\/www.interaccionnoticias.com.mx\/index.php?rest_route=%2Fwp%2Fv2%2Fcomments&post=86507"}],"version-history":[{"count":1,"href":"https:\/\/www.interaccionnoticias.com.mx\/index.php?rest_route=\/wp\/v2\/posts\/86507\/revisions"}],"predecessor-version":[{"id":86508,"href":"https:\/\/www.interaccionnoticias.com.mx\/index.php?rest_route=\/wp\/v2\/posts\/86507\/revisions\/86508"}],"wp:featuredmedia":[{"embeddable":true,"href":"https:\/\/www.interaccionnoticias.com.mx\/index.php?rest_route=\/wp\/v2\/media\/82316"}],"wp:attachment":[{"href":"https:\/\/www.interaccionnoticias.com.mx\/index.php?rest_route=%2Fwp%2Fv2%2Fmedia&parent=86507"}],"wp:term":[{"taxonomy":"category","embeddable":true,"href":"https:\/\/www.interaccionnoticias.com.mx\/index.php?rest_route=%2Fwp%2Fv2%2Fcategories&post=86507"},{"taxonomy":"post_tag","embeddable":true,"href":"https:\/\/www.interaccionnoticias.com.mx\/index.php?rest_route=%2Fwp%2Fv2%2Ftags&post=86507"}],"curies":[{"name":"wp","href":"https:\/\/api.w.org\/{rel}","templated":true}]}}