{"id":86494,"date":"2025-01-17T16:39:08","date_gmt":"2025-01-17T22:39:08","guid":{"rendered":"https:\/\/www.interaccionnoticias.com.mx\/?p=86494"},"modified":"2025-01-17T16:39:10","modified_gmt":"2025-01-17T22:39:10","slug":"grupos-de-migrantes-guerrerenses-confian-en-que-trump-desista-de-deportaciones-masivas","status":"publish","type":"post","link":"https:\/\/www.interaccionnoticias.com.mx\/?p=86494","title":{"rendered":"Grupos de migrantes guerrerenses conf\u00edan en que Trump desista de deportaciones masivas"},"content":{"rendered":"\n<p><strong><em>&#8212; Aseguran que Barack Obama incumpli\u00f3 promesas durante su mandato<\/em><\/strong><\/p>\n\n\n\n<p><strong>Rosario Garc\u00eda Orozco<\/strong><\/p>\n\n\n\n<p>Migrantes guerrerenses que trabajan en los campos de labor de Estados Unidos, podr\u00edan ser los m\u00e1s afectados por las pol\u00edticas migratorias de ese pa\u00eds, lament\u00f3 Santiago Torres Morales, guerrerense de la Sierra de Chilpancingo, e indocumentado radicado en el pa\u00eds vecino.<\/p>\n\n\n\n<p>El sierre\u00f1o de 38 a\u00f1os de edad, vive desde hace 20 a\u00f1os en Arizona, en Estados Unidos y cont\u00f3 que desde muy joven tuvo que migrar de Guerrero por la falta de oportunidades laborales en su comunidad de origen, Azinyahualco, municipio de Chilpancingo.<\/p>\n\n\n\n<p>Santiago Torres es trabajador de la construcci\u00f3n en el pa\u00eds vecino, pero dijo estar tranquilo pese a las amenazas del presidente electo Donald Trump, en torno al recrudecimiento de pol\u00edticas en contra de los indocumentados, que anunci\u00f3 desde su campa\u00f1a.<\/p>\n\n\n\n<p>El migrante guerrerense mencion\u00f3 que el sector m\u00e1s vulnerable son los trabajadores indocumentados que se encuentra laborando en campos de cultivo, sin embargo, lo que ha favorecido a algunos de ellos, es que, cada estado del citado pa\u00eds, cuenta con sus propias leyes.<\/p>\n\n\n\n<p>El guerrerense confi\u00f3 en que lo dicho por Donald Trump, quien el pr\u00f3ximo 20 de enero tomar\u00e1 protesta como presidente de Estados Unidos, por segunda ocasi\u00f3n, no se haga realidad, ya que en su primer mandato \u00abno cumpli\u00f3 muchas de sus amenazas\u00bb.<\/p>\n\n\n\n<p>Torres Morales record\u00f3 que, en el periodo del ex presidente Barack Obama se imcumpleron las promesas realizadas que hizo el pol\u00edtico norteamericano en su campa\u00f1a en favor de los inmigrantes, ya que \u00e9l s\u00ed registr\u00f3 m\u00e1s deportaciones de mexicanos.<\/p>\n","protected":false},"excerpt":{"rendered":"<p>&#8212; Aseguran que Barack Obama incumpli\u00f3 promesas durante su mandato Rosario Garc\u00eda Orozco Migrantes guerrerenses que trabajan en los campos de labor de Estados Unidos, podr\u00edan ser los m\u00e1s afectados&hellip; <\/p>\n","protected":false},"author":14,"featured_media":86495,"comment_status":"open","ping_status":"open","sticky":false,"template":"","format":"standard","meta":{"fifu_image_url":"","fifu_image_alt":"","footnotes":""},"categories":[11],"tags":[],"class_list":["post-86494","post","type-post","status-publish","format-standard","has-post-thumbnail","hentry","category-guerrero"],"_links":{"self":[{"href":"https:\/\/www.interaccionnoticias.com.mx\/index.php?rest_route=\/wp\/v2\/posts\/86494","targetHints":{"allow":["GET"]}}],"collection":[{"href":"https:\/\/www.interaccionnoticias.com.mx\/index.php?rest_route=\/wp\/v2\/posts"}],"about":[{"href":"https:\/\/www.interaccionnoticias.com.mx\/index.php?rest_route=\/wp\/v2\/types\/post"}],"author":[{"embeddable":true,"href":"https:\/\/www.interaccionnoticias.com.mx\/index.php?rest_route=\/wp\/v2\/users\/14"}],"replies":[{"embeddable":true,"href":"https:\/\/www.interaccionnoticias.com.mx\/index.php?rest_route=%2Fwp%2Fv2%2Fcomments&post=86494"}],"version-history":[{"count":1,"href":"https:\/\/www.interaccionnoticias.com.mx\/index.php?rest_route=\/wp\/v2\/posts\/86494\/revisions"}],"predecessor-version":[{"id":86496,"href":"https:\/\/www.interaccionnoticias.com.mx\/index.php?rest_route=\/wp\/v2\/posts\/86494\/revisions\/86496"}],"wp:featuredmedia":[{"embeddable":true,"href":"https:\/\/www.interaccionnoticias.com.mx\/index.php?rest_route=\/wp\/v2\/media\/86495"}],"wp:attachment":[{"href":"https:\/\/www.interaccionnoticias.com.mx\/index.php?rest_route=%2Fwp%2Fv2%2Fmedia&parent=86494"}],"wp:term":[{"taxonomy":"category","embeddable":true,"href":"https:\/\/www.interaccionnoticias.com.mx\/index.php?rest_route=%2Fwp%2Fv2%2Fcategories&post=86494"},{"taxonomy":"post_tag","embeddable":true,"href":"https:\/\/www.interaccionnoticias.com.mx\/index.php?rest_route=%2Fwp%2Fv2%2Ftags&post=86494"}],"curies":[{"name":"wp","href":"https:\/\/api.w.org\/{rel}","templated":true}]}}