{"id":86472,"date":"2025-01-17T12:46:17","date_gmt":"2025-01-17T18:46:17","guid":{"rendered":"https:\/\/www.interaccionnoticias.com.mx\/?p=86472"},"modified":"2025-01-17T12:48:03","modified_gmt":"2025-01-17T18:48:03","slug":"la-reforma-contra-el-nepotismo-entrara-en-vigor-en-el-2030","status":"publish","type":"post","link":"https:\/\/www.interaccionnoticias.com.mx\/?p=86472","title":{"rendered":"La reforma contra el nepotismo entrar\u00e1 en vigor en el 2030: Claudia Sheimbaun Pardo"},"content":{"rendered":"\n<p><strong><em>&#8212; El partido (Morena) decidir\u00e1 si F\u00e9lix Salgado Macedonio es candidato o no a la gubernatura<\/em><\/strong><\/p>\n\n\n\n<p><strong>Yasm\u00edn Garcia<\/strong><\/p>\n\n\n\n<p>La reforma electoral que buscar\u00e1 la prohibici\u00f3n de la reelecci\u00f3n, as\u00ed como el nepotismo en cargos de elecci\u00f3n entrar\u00e1 en vigor a partir del 2030 y depender\u00e1 de la C\u00e1mara Alta y de los Congresos locales aprobarla, as\u00ed lo inform\u00f3 la presidenta de la Rep\u00fablica Claudia Sheimbaun Pardo.<\/p>\n\n\n\n<p>Esta ma\u00f1ana en la conferencia matutina en la Octava Regi\u00f3n Naval de Acapulco, la presidenta fue cuestionada sobre la reforma electoral y las aspiraciones del senador de la Rep\u00fablica y padre de la gobernadora Evelyn Salgado Pineda, F\u00e9lix Salgado Macedonio a la candidatura de la gubernatura en el 2027.<\/p>\n\n\n\n<p>Sheimbaun Pardo explic\u00f3 que la reforma contra el nepotismo forma parte de la inciativa en materia electoral, en la cual tambi\u00e9n esta contemplado un apartado que no permite la reelecci\u00f3n, \u00abcomo era antes en el caso de la reelecci\u00f3n que un diputado no puede ser diputadol en el siguiente periodo sino hasta el siguiente\u00bb.<\/p>\n\n\n\n<p>Sin embargo, ser\u00e1 hasta el 2030 que entre en vigor, es decir tres a\u00f1os despu\u00e9s del proceso electoral del 2027.<\/p>\n\n\n\n<p>Acerca de las aspiraciones de Salgado Macedonio a la gubernatura de Guerrero en el 2027, mencion\u00f3 que ser\u00e1 el partido (Morena) que decida si es candidato o no ya que la propuesta del nepotimos es para el 2030.<\/p>\n\n\n\n<p>Indic\u00f3 que la otra parte de la reforma consiste en la desaparici\u00f3n de las listas plurinominales, y la reducci\u00f3n del financiamiento a partidos pol\u00edticos.<\/p>\n","protected":false},"excerpt":{"rendered":"<p>&#8212; El partido (Morena) decidir\u00e1 si F\u00e9lix Salgado Macedonio es candidato o no a la gubernatura Yasm\u00edn Garcia La reforma electoral que buscar\u00e1 la prohibici\u00f3n de la reelecci\u00f3n, as\u00ed como&hellip; <\/p>\n","protected":false},"author":32,"featured_media":86473,"comment_status":"open","ping_status":"open","sticky":false,"template":"","format":"standard","meta":{"fifu_image_url":"","fifu_image_alt":"","footnotes":""},"categories":[11],"tags":[],"class_list":["post-86472","post","type-post","status-publish","format-standard","has-post-thumbnail","hentry","category-guerrero"],"_links":{"self":[{"href":"https:\/\/www.interaccionnoticias.com.mx\/index.php?rest_route=\/wp\/v2\/posts\/86472","targetHints":{"allow":["GET"]}}],"collection":[{"href":"https:\/\/www.interaccionnoticias.com.mx\/index.php?rest_route=\/wp\/v2\/posts"}],"about":[{"href":"https:\/\/www.interaccionnoticias.com.mx\/index.php?rest_route=\/wp\/v2\/types\/post"}],"author":[{"embeddable":true,"href":"https:\/\/www.interaccionnoticias.com.mx\/index.php?rest_route=\/wp\/v2\/users\/32"}],"replies":[{"embeddable":true,"href":"https:\/\/www.interaccionnoticias.com.mx\/index.php?rest_route=%2Fwp%2Fv2%2Fcomments&post=86472"}],"version-history":[{"count":2,"href":"https:\/\/www.interaccionnoticias.com.mx\/index.php?rest_route=\/wp\/v2\/posts\/86472\/revisions"}],"predecessor-version":[{"id":86475,"href":"https:\/\/www.interaccionnoticias.com.mx\/index.php?rest_route=\/wp\/v2\/posts\/86472\/revisions\/86475"}],"wp:featuredmedia":[{"embeddable":true,"href":"https:\/\/www.interaccionnoticias.com.mx\/index.php?rest_route=\/wp\/v2\/media\/86473"}],"wp:attachment":[{"href":"https:\/\/www.interaccionnoticias.com.mx\/index.php?rest_route=%2Fwp%2Fv2%2Fmedia&parent=86472"}],"wp:term":[{"taxonomy":"category","embeddable":true,"href":"https:\/\/www.interaccionnoticias.com.mx\/index.php?rest_route=%2Fwp%2Fv2%2Fcategories&post=86472"},{"taxonomy":"post_tag","embeddable":true,"href":"https:\/\/www.interaccionnoticias.com.mx\/index.php?rest_route=%2Fwp%2Fv2%2Ftags&post=86472"}],"curies":[{"name":"wp","href":"https:\/\/api.w.org\/{rel}","templated":true}]}}