{"id":86462,"date":"2025-01-16T20:39:16","date_gmt":"2025-01-17T02:39:16","guid":{"rendered":"https:\/\/www.interaccionnoticias.com.mx\/?p=86462"},"modified":"2025-01-16T20:40:18","modified_gmt":"2025-01-17T02:40:18","slug":"asesinan-a-un-hombre-en-chilpancingo","status":"publish","type":"post","link":"https:\/\/www.interaccionnoticias.com.mx\/?p=86462","title":{"rendered":"Asesinan a un hombre con un arma punzocortante en Chilpancingo"},"content":{"rendered":"\n<p><strong><em>&#8212; La v\u00edctima fue herido en el cuello<\/em><\/strong><\/p>\n\n\n\n<p><strong>Jes\u00fas Dorantes<\/strong><\/p>\n\n\n\n<p><strong>Chilpancingo, Gro.- <\/strong>La tarde de este jueves, un hombre de aproximadamente 30 a\u00f1os de edad fue asesinado al poniente de la capital, el hecho ocurri\u00f3 alrededor de las 15:20 horas en la calle Pinos de la colonia Frente Popular Revolucionario (FPR).<\/p>\n\n\n\n<p>Los reportes policiacos indican que la victima fue identificado como Sergio Eduardo \u201cN\u201d, quien fue lesionado en el cuello por un arma punzocortante que le caus\u00f3 la muerte.<\/p>\n\n\n\n<p>El reporte se dio a las autoridades pasadas las 15:00 horas jueves, por lo que solicitaron param\u00e9dicos, quienes confirmaron su deceso tras una revisi\u00f3n m\u00e9dica.<\/p>\n\n\n\n<p>Las autoridades se encargaron de realizar el resguardo de la escena y personal de la Fiscal\u00eda General del Estado (FGE) realiz\u00f3 las diligencias correspondientes, en el lugar se encontr\u00f3 un cuchillo que presuntamente fue utilizado para cometer el crimen.<\/p>\n\n\n\n<p>El cad\u00e1ver de Sergio Eduardo \u201cN\u201d fue trasladado a instalaciones del Servicio M\u00e9dico Forense (SEMEFO,) para realizar la necropsia de ley y continuar con la investigaci\u00f3n del caso.<\/p>\n","protected":false},"excerpt":{"rendered":"<p>&#8212; La v\u00edctima fue herido en el cuello Jes\u00fas Dorantes Chilpancingo, Gro.- La tarde de este jueves, un hombre de aproximadamente 30 a\u00f1os de edad fue asesinado al poniente de&hellip; <\/p>\n","protected":false},"author":8,"featured_media":86463,"comment_status":"open","ping_status":"open","sticky":false,"template":"","format":"standard","meta":{"fifu_image_url":"","fifu_image_alt":"","footnotes":""},"categories":[27],"tags":[],"class_list":["post-86462","post","type-post","status-publish","format-standard","has-post-thumbnail","hentry","category-seguridad-publica"],"_links":{"self":[{"href":"https:\/\/www.interaccionnoticias.com.mx\/index.php?rest_route=\/wp\/v2\/posts\/86462","targetHints":{"allow":["GET"]}}],"collection":[{"href":"https:\/\/www.interaccionnoticias.com.mx\/index.php?rest_route=\/wp\/v2\/posts"}],"about":[{"href":"https:\/\/www.interaccionnoticias.com.mx\/index.php?rest_route=\/wp\/v2\/types\/post"}],"author":[{"embeddable":true,"href":"https:\/\/www.interaccionnoticias.com.mx\/index.php?rest_route=\/wp\/v2\/users\/8"}],"replies":[{"embeddable":true,"href":"https:\/\/www.interaccionnoticias.com.mx\/index.php?rest_route=%2Fwp%2Fv2%2Fcomments&post=86462"}],"version-history":[{"count":2,"href":"https:\/\/www.interaccionnoticias.com.mx\/index.php?rest_route=\/wp\/v2\/posts\/86462\/revisions"}],"predecessor-version":[{"id":86465,"href":"https:\/\/www.interaccionnoticias.com.mx\/index.php?rest_route=\/wp\/v2\/posts\/86462\/revisions\/86465"}],"wp:featuredmedia":[{"embeddable":true,"href":"https:\/\/www.interaccionnoticias.com.mx\/index.php?rest_route=\/wp\/v2\/media\/86463"}],"wp:attachment":[{"href":"https:\/\/www.interaccionnoticias.com.mx\/index.php?rest_route=%2Fwp%2Fv2%2Fmedia&parent=86462"}],"wp:term":[{"taxonomy":"category","embeddable":true,"href":"https:\/\/www.interaccionnoticias.com.mx\/index.php?rest_route=%2Fwp%2Fv2%2Fcategories&post=86462"},{"taxonomy":"post_tag","embeddable":true,"href":"https:\/\/www.interaccionnoticias.com.mx\/index.php?rest_route=%2Fwp%2Fv2%2Ftags&post=86462"}],"curies":[{"name":"wp","href":"https:\/\/api.w.org\/{rel}","templated":true}]}}