{"id":86457,"date":"2025-01-16T17:41:49","date_gmt":"2025-01-16T23:41:49","guid":{"rendered":"https:\/\/www.interaccionnoticias.com.mx\/?p=86457"},"modified":"2025-01-16T17:41:51","modified_gmt":"2025-01-16T23:41:51","slug":"reanudan-protestas-profesores-de-educacion-especial-agremiados-al-snte","status":"publish","type":"post","link":"https:\/\/www.interaccionnoticias.com.mx\/?p=86457","title":{"rendered":"Reanudan protestas profesores de educaci\u00f3n especial agremiados al SNTE"},"content":{"rendered":"\n<p><strong><em>&#8212; Exigen pago del Bono de Integraci\u00f3n Educativa<br>&#8212; Advierten que no permitir\u00e1n que profesores ingresen a capacitaci\u00f3n en Chilpancingo<\/em><\/strong><\/p>\n\n\n\n<p><strong>Jes\u00fas Dorantes<\/strong><\/p>\n\n\n\n<p><strong>Chilpancingo, Gro.-<\/strong> Maestros y personal administrativo incorporados a la secci\u00f3n XIV del Sindicato Nacional de Trabajadores de la Educaci\u00f3n (SNTE) de Educaci\u00f3n Especial, tomaron las oficinas de la Direcci\u00f3n de Educaci\u00f3n Especial de la Secretar\u00eda de Educaci\u00f3n Guerrero.<\/p>\n\n\n\n<p>En entrevista el l\u00edder sindical Miguel \u00c1ngel Castillo se\u00f1al\u00f3 que si bien existe un acuerdo a nivel nacional por parte del magisterio con autoridades educativas, no se han aplicado a Guerrero d\u00f3nde no existe pago de dicho bono.<\/p>\n\n\n\n<p>Por lo que advirti\u00f3 que las protestas no se pueden retirar y se tendr\u00e1n m\u00e1s actividades en los pr\u00f3ximos d\u00edas, como ser\u00e1 impedir el paso a los profesores que tienen una capacitaci\u00f3n de nivel el d\u00eda viernes 17 de enero en el hotel Holiday Inn de Chilpancingo.<\/p>\n\n\n\n<p>Adem\u00e1s de se\u00f1alar que lejos de que existan desacuerdos al interior de la Secci\u00f3n XIV del SNTE, las protestas siguen activas por el incumplimiento de las autoridades, ya que no pueden dar fechas exactas de pago a sus compa\u00f1eros.<\/p>\n\n\n\n<p>Por lo que acusaron a la Secretar\u00eda de Educaci\u00f3n Guerrero a generado incertidumbre entre los profesores, con retrasos hasta de un mes.<\/p>\n","protected":false},"excerpt":{"rendered":"<p>&#8212; Exigen pago del Bono de Integraci\u00f3n Educativa&#8212; Advierten que no permitir\u00e1n que profesores ingresen a capacitaci\u00f3n en Chilpancingo Jes\u00fas Dorantes Chilpancingo, Gro.- Maestros y personal administrativo incorporados a la&hellip; <\/p>\n","protected":false},"author":8,"featured_media":86361,"comment_status":"open","ping_status":"open","sticky":false,"template":"","format":"standard","meta":{"fifu_image_url":"","fifu_image_alt":"","footnotes":""},"categories":[6],"tags":[],"class_list":["post-86457","post","type-post","status-publish","format-standard","has-post-thumbnail","hentry","category-educacion"],"_links":{"self":[{"href":"https:\/\/www.interaccionnoticias.com.mx\/index.php?rest_route=\/wp\/v2\/posts\/86457","targetHints":{"allow":["GET"]}}],"collection":[{"href":"https:\/\/www.interaccionnoticias.com.mx\/index.php?rest_route=\/wp\/v2\/posts"}],"about":[{"href":"https:\/\/www.interaccionnoticias.com.mx\/index.php?rest_route=\/wp\/v2\/types\/post"}],"author":[{"embeddable":true,"href":"https:\/\/www.interaccionnoticias.com.mx\/index.php?rest_route=\/wp\/v2\/users\/8"}],"replies":[{"embeddable":true,"href":"https:\/\/www.interaccionnoticias.com.mx\/index.php?rest_route=%2Fwp%2Fv2%2Fcomments&post=86457"}],"version-history":[{"count":1,"href":"https:\/\/www.interaccionnoticias.com.mx\/index.php?rest_route=\/wp\/v2\/posts\/86457\/revisions"}],"predecessor-version":[{"id":86458,"href":"https:\/\/www.interaccionnoticias.com.mx\/index.php?rest_route=\/wp\/v2\/posts\/86457\/revisions\/86458"}],"wp:featuredmedia":[{"embeddable":true,"href":"https:\/\/www.interaccionnoticias.com.mx\/index.php?rest_route=\/wp\/v2\/media\/86361"}],"wp:attachment":[{"href":"https:\/\/www.interaccionnoticias.com.mx\/index.php?rest_route=%2Fwp%2Fv2%2Fmedia&parent=86457"}],"wp:term":[{"taxonomy":"category","embeddable":true,"href":"https:\/\/www.interaccionnoticias.com.mx\/index.php?rest_route=%2Fwp%2Fv2%2Fcategories&post=86457"},{"taxonomy":"post_tag","embeddable":true,"href":"https:\/\/www.interaccionnoticias.com.mx\/index.php?rest_route=%2Fwp%2Fv2%2Ftags&post=86457"}],"curies":[{"name":"wp","href":"https:\/\/api.w.org\/{rel}","templated":true}]}}