{"id":86453,"date":"2025-01-16T17:38:48","date_gmt":"2025-01-16T23:38:48","guid":{"rendered":"https:\/\/www.interaccionnoticias.com.mx\/?p=86453"},"modified":"2025-01-16T17:40:27","modified_gmt":"2025-01-16T23:40:27","slug":"analizan-una-concurrencia-presupuestal-por-posible-deportacion","status":"publish","type":"post","link":"https:\/\/www.interaccionnoticias.com.mx\/?p=86453","title":{"rendered":"Por lo menos 25 municipios de Guerrero ya analizan una concurrencia presupuestal por posible deportaci\u00f3n"},"content":{"rendered":"\n<p><strong><em>&#8212; Lo anterior por la advertencia del presidente electo del vecino pa\u00eds, Donald Trump, en el sentido del recrudecimiento de la pol\u00edtica migratoria<\/em><\/strong><\/p>\n\n\n\n<p><strong>Rosario Garc\u00eda Orozco<\/strong><\/p>\n\n\n\n<p>Al menos 25 de los 85 municipios del estado, exploran la posibilidad de realizar una concurrencia presupuestal, para atender a los guerrerenses indocumentados que sean deportados de Estados Unidos, inform\u00f3 el secretario de Trabajo y Previsi\u00f3n Social de Guerrero, Omar Estrada Bustos.<\/p>\n\n\n\n<p>Dicha declaraciones son en torno a la advertencia del presidente electo de Estados Unidos, Donald Trump, en el sentido de que va a recrudecer la pol\u00edtica migratoria en ese pa\u00eds luego de tomar protesta el pr\u00f3ximo 20 de enero.<\/p>\n\n\n\n<p>Estrada Bustos explic\u00f3 que las autoridades estatales no cuentan con un n\u00famero preciso sobre cu\u00e1ntos guerrerenses sean deportados, ya que esa situaci\u00f3n depender\u00e1 de los operativos que implemente la nueva administraci\u00f3n en el pa\u00eds vecino, \u00abojal\u00e1 que no sean muchos, pero de todos modos nos estamos preparando para ello\u00bb.<\/p>\n\n\n\n<p>Enfatiz\u00f3 que los municipios que se preparan para recibir a m\u00e1s guerrerenses deportados, son los que registran \u00abmayor expulsi\u00f3n de mano de obra y sobre todo con ellos (migrantes) que van a tener una constancia de deportaci\u00f3n, a esos vamos a generarles un esquema de atenci\u00f3n con la participaci\u00f3n de los municipios, con el gobierno del estado y eventualmente el gobierno federal\u00bb.<\/p>\n\n\n\n<p>Sostuvo que se busca que desde la federaci\u00f3n en coordinaci\u00f3n con autoridades de Guerrero se generen espacios para la capacitaci\u00f3n y la creaci\u00f3n de proyectos productivos para quienes sean deportados por autoridades de ese pa\u00eds.<\/p>\n\n\n\n<p>Omar Estrada record\u00f3 que el empleo informal en la entidad representa un gran reto para los tres \u00f3rdenes de gobierno, sin embargo, dijo, se trabaja para atender el tema, sobre todo ante un posible incremento en las deportaciones,<\/p>\n\n\n\n<p>Dijo que de acuerdo con informaci\u00f3n del Instituto Nacional de Estad\u00edstica y Geograf\u00eda (INEGI), Guerrero se encuentra dentro de los tres estados con menor \u00edndice de desempleo, sin embargo, entre un 69 y 75 por ciento se encuentra en la informabilidad.<\/p>\n","protected":false},"excerpt":{"rendered":"<p>&#8212; Lo anterior por la advertencia del presidente electo del vecino pa\u00eds, Donald Trump, en el sentido del recrudecimiento de la pol\u00edtica migratoria Rosario Garc\u00eda Orozco Al menos 25 de&hellip; <\/p>\n","protected":false},"author":14,"featured_media":86454,"comment_status":"open","ping_status":"open","sticky":false,"template":"","format":"standard","meta":{"fifu_image_url":"","fifu_image_alt":"","footnotes":""},"categories":[11],"tags":[],"class_list":["post-86453","post","type-post","status-publish","format-standard","has-post-thumbnail","hentry","category-guerrero"],"_links":{"self":[{"href":"https:\/\/www.interaccionnoticias.com.mx\/index.php?rest_route=\/wp\/v2\/posts\/86453","targetHints":{"allow":["GET"]}}],"collection":[{"href":"https:\/\/www.interaccionnoticias.com.mx\/index.php?rest_route=\/wp\/v2\/posts"}],"about":[{"href":"https:\/\/www.interaccionnoticias.com.mx\/index.php?rest_route=\/wp\/v2\/types\/post"}],"author":[{"embeddable":true,"href":"https:\/\/www.interaccionnoticias.com.mx\/index.php?rest_route=\/wp\/v2\/users\/14"}],"replies":[{"embeddable":true,"href":"https:\/\/www.interaccionnoticias.com.mx\/index.php?rest_route=%2Fwp%2Fv2%2Fcomments&post=86453"}],"version-history":[{"count":2,"href":"https:\/\/www.interaccionnoticias.com.mx\/index.php?rest_route=\/wp\/v2\/posts\/86453\/revisions"}],"predecessor-version":[{"id":86456,"href":"https:\/\/www.interaccionnoticias.com.mx\/index.php?rest_route=\/wp\/v2\/posts\/86453\/revisions\/86456"}],"wp:featuredmedia":[{"embeddable":true,"href":"https:\/\/www.interaccionnoticias.com.mx\/index.php?rest_route=\/wp\/v2\/media\/86454"}],"wp:attachment":[{"href":"https:\/\/www.interaccionnoticias.com.mx\/index.php?rest_route=%2Fwp%2Fv2%2Fmedia&parent=86453"}],"wp:term":[{"taxonomy":"category","embeddable":true,"href":"https:\/\/www.interaccionnoticias.com.mx\/index.php?rest_route=%2Fwp%2Fv2%2Fcategories&post=86453"},{"taxonomy":"post_tag","embeddable":true,"href":"https:\/\/www.interaccionnoticias.com.mx\/index.php?rest_route=%2Fwp%2Fv2%2Ftags&post=86453"}],"curies":[{"name":"wp","href":"https:\/\/api.w.org\/{rel}","templated":true}]}}