{"id":86446,"date":"2025-01-16T17:22:19","date_gmt":"2025-01-16T23:22:19","guid":{"rendered":"https:\/\/www.interaccionnoticias.com.mx\/?p=86446"},"modified":"2025-01-16T17:22:21","modified_gmt":"2025-01-16T23:22:21","slug":"convocan-a-barras-y-colegios-de-abogados-para-exigir-la-eleccion-de-jueces-y-magistrados-en-guerrero","status":"publish","type":"post","link":"https:\/\/www.interaccionnoticias.com.mx\/?p=86446","title":{"rendered":"Convocan a barras y colegios de abogados para exigir la elecci\u00f3n de jueces y magistrados en Guerrero"},"content":{"rendered":"\n<p><em><strong>&#8212; Ante la posibilidad de que dicha elecci\u00f3n se vaya hasta 2027<\/strong><\/em><\/p>\n\n\n\n<p><strong>Rogelio Agust\u00edn<\/strong><\/p>\n\n\n\n<p>Ante la posibilidad de que el pr\u00f3ximo 1 de junio no haya elecci\u00f3n de jueces ni magistrados en Guerrero, el ex diputado federal por MORENA, Rub\u00e9n Cayetano Garc\u00eda convoc\u00f3 a los colegios y barras de abogados a movilizarse a partir del lunes 20 de enero, para que el Congreso local genere las condiciones encaminadas a la renovaci\u00f3n del Poder Judicial.<\/p>\n\n\n\n<p>La jornada del mi\u00e9rcoles, el presidente de la Junta de Coordinaci\u00f3n Pol\u00edtica (JUCOPO) de la 64 Legislatura local, Jes\u00fas Uriostegui Garc\u00eda reconoci\u00f3 que existe la posibilidad de que la elecci\u00f3n de jueces y magistrados del Tribunal Superior de Justicia (TSJ) se lleve a cano hasta el 2027.<\/p>\n\n\n\n<p>Entre otras cosas, destac\u00f3 que el estado carece de los recursos suficientes para coadyuvar con el desarrollo de dicha elecci\u00f3n, entre otras cosas, porque el presupuesto de egresos del 2025 se aprob\u00f3 con mil 700 millones de pesos menos a lo que inicialmente se propuso.<\/p>\n\n\n\n<p>Uriostegui Garc\u00eda fue respaldado por su compa\u00f1ero de bancada, Pablo Amilcar Sandoval Ballesteros, quien destac\u00f3 que la renovaci\u00f3n del Poder Judicial en junio pr\u00f3ximo todav\u00eda no est\u00e1 descartada completamente, pero existe la posibilidad por diferentes factores.<\/p>\n\n\n\n<p>Dijo que el Congreso se encuentra dialogando con los dem\u00e1s poderes sobre el tema, abordando la importancia de ir en congruencia con los t\u00e9rminos y tiempos que plantea la reforma aprobada a nivel nacional.<\/p>\n\n\n\n<p>\u201cLa reforma nos da un plazo, estamos dialogando para ver los plazos, porque esto tambi\u00e9n tiene que ver con los recursos que se requieren, estamos en una etapa de mucho an\u00e1lisis\u201d, anot\u00f3 el diputado Sandoval Ballesteros.<\/p>\n\n\n\n<p>Uriostegui Garc\u00eda destac\u00f3 que hay un avance importante en la discusi\u00f3n, ya que el Instituto Nacional Electoral (INE) no mandar\u00e1 imprimir las boletas ni coordinar\u00e1 la instalaci\u00f3n de casillas, el Instituto Electoral y de Participaci\u00f3n Ciudadana (IEPC) fungir\u00e1 como coadyuvante y eso implica recursos.<\/p>\n\n\n\n<p>Record\u00f3 que no todos los estados del pa\u00eds van a renovar por medio del voto a sus poderes locales, de tal suerte que se revisar\u00e1n muy bien las implicaciones.<\/p>\n\n\n\n<p>\u201cLo mejor ser\u00eda que este 2025 hubiera elecci\u00f3n de jueces y magistrados, pero lo m\u00e1s probable es que nos vayamos hasta el 27\u201d, apunt\u00f3 el presidente de la JUCOPO.<br>Insisti\u00f3 en que hay la intenci\u00f3n de ir en los mismos tiempos que la elecci\u00f3n federal, pero aclar\u00f3: \u201cHay realidades que nos van a limitar\u201d.<\/p>\n\n\n\n<p><strong>Llaman a movilizar a las barras de abogados<\/strong><\/p>\n\n\n\n<p>Las declaraciones de los legisladores locales, para el abogado y ex diputado federal por MORENA, Rub\u00e9n Cayetano Garc\u00eda representan \u201cuna irresponsabilidad confesa\u201d.<\/p>\n\n\n\n<p>Record\u00f3 que a finales de 2024 se renov\u00f3 la presidencia del Poder Judicial local, por lo que infiri\u00f3 que desde entonces, el acuerdo que se tuvo fue en el sentido de dejar pasar la elecci\u00f3n de 2025 y llevarla hasta el 2027.<\/p>\n\n\n\n<p>\u201cFue como se dice; un plan con ma\u00f1a, que implica dejar a los actuales magistrados otros tres a\u00f1os en el cargo\u201d, asever\u00f3 el abogado Cayetano Garc\u00eda.<br>Desde su perspectiva, el Poder Judicial de Guerrero es el m\u00e1s corrupto del pa\u00eds, incluso m\u00e1s que el de la federaci\u00f3n.<\/p>\n\n\n\n<p>Manifest\u00f3 que es completamente injustificable que los diputados que aprobaron el presupuesto de egresos 2025 no hayan previsto el recurso destinado para la elecci\u00f3n de jueces y magistrados locales,<\/p>\n\n\n\n<p>Prueba de la corrupci\u00f3n que prevalece en el Poder Judicial de Guerrero, es la cantidad de familiares de magistrados y de jueces que cobran en la n\u00f3mina del mismo, en muchas ocasiones sin tener una carga de trabajo asignada.<\/p>\n\n\n\n<p>Entre lo m\u00e1s destacable est\u00e1 el hecho de que la noche del 26 de septiembre de 2014, la ex presidenta Lambertina Galeana Mar\u00edn ordenara destruir los videos captados por las c\u00e1maras del Palacio de Justicia de Iguala, que hubieran ayudado en mucho a dar con el paradero de los 43 estudiantes de la Normal Rural de Ayotzinapa.<\/p>\n\n\n\n<p>Por eso anot\u00f3: \u201cConvoco a la comunidad jur\u00eddica, bufetes, despachos, barras y colegios de abogados, trabajadores y servidores p\u00fablicos, colectivos de v\u00edctimas y sociedad en general a concentrarnos el pr\u00f3ximo lunes 20 de enero de 2025, a partir de las 10 de la ma\u00f1ana en las puertas del Congreso local, donde realizaremos un mitin y exigiremos la reforma correspondiente para armonizar la Constituci\u00f3n del Estado con la Carta Magna Federal\u201d.<\/p>\n","protected":false},"excerpt":{"rendered":"<p>&#8212; Ante la posibilidad de que dicha elecci\u00f3n se vaya hasta 2027 Rogelio Agust\u00edn Ante la posibilidad de que el pr\u00f3ximo 1 de junio no haya elecci\u00f3n de jueces ni&hellip; <\/p>\n","protected":false},"author":21,"featured_media":85333,"comment_status":"open","ping_status":"open","sticky":false,"template":"","format":"standard","meta":{"fifu_image_url":"","fifu_image_alt":"","footnotes":""},"categories":[21],"tags":[],"class_list":["post-86446","post","type-post","status-publish","format-standard","has-post-thumbnail","hentry","category-politica"],"_links":{"self":[{"href":"https:\/\/www.interaccionnoticias.com.mx\/index.php?rest_route=\/wp\/v2\/posts\/86446","targetHints":{"allow":["GET"]}}],"collection":[{"href":"https:\/\/www.interaccionnoticias.com.mx\/index.php?rest_route=\/wp\/v2\/posts"}],"about":[{"href":"https:\/\/www.interaccionnoticias.com.mx\/index.php?rest_route=\/wp\/v2\/types\/post"}],"author":[{"embeddable":true,"href":"https:\/\/www.interaccionnoticias.com.mx\/index.php?rest_route=\/wp\/v2\/users\/21"}],"replies":[{"embeddable":true,"href":"https:\/\/www.interaccionnoticias.com.mx\/index.php?rest_route=%2Fwp%2Fv2%2Fcomments&post=86446"}],"version-history":[{"count":1,"href":"https:\/\/www.interaccionnoticias.com.mx\/index.php?rest_route=\/wp\/v2\/posts\/86446\/revisions"}],"predecessor-version":[{"id":86447,"href":"https:\/\/www.interaccionnoticias.com.mx\/index.php?rest_route=\/wp\/v2\/posts\/86446\/revisions\/86447"}],"wp:featuredmedia":[{"embeddable":true,"href":"https:\/\/www.interaccionnoticias.com.mx\/index.php?rest_route=\/wp\/v2\/media\/85333"}],"wp:attachment":[{"href":"https:\/\/www.interaccionnoticias.com.mx\/index.php?rest_route=%2Fwp%2Fv2%2Fmedia&parent=86446"}],"wp:term":[{"taxonomy":"category","embeddable":true,"href":"https:\/\/www.interaccionnoticias.com.mx\/index.php?rest_route=%2Fwp%2Fv2%2Fcategories&post=86446"},{"taxonomy":"post_tag","embeddable":true,"href":"https:\/\/www.interaccionnoticias.com.mx\/index.php?rest_route=%2Fwp%2Fv2%2Ftags&post=86446"}],"curies":[{"name":"wp","href":"https:\/\/api.w.org\/{rel}","templated":true}]}}