{"id":86443,"date":"2025-01-16T16:21:10","date_gmt":"2025-01-16T22:21:10","guid":{"rendered":"https:\/\/www.interaccionnoticias.com.mx\/?p=86443"},"modified":"2025-01-16T16:21:12","modified_gmt":"2025-01-16T22:21:12","slug":"violencia-se-recrudece-en-ometepec","status":"publish","type":"post","link":"https:\/\/www.interaccionnoticias.com.mx\/?p=86443","title":{"rendered":"Violencia se recrudece en Ometepec"},"content":{"rendered":"\n<p><em><strong>&#8212; En diez d\u00edas cinco homicidios dolosos<br>&#8212; Atacaron con armas de grueso calibre<\/strong><\/em><\/p>\n\n\n\n<p><strong>Javier Trujillo<\/strong><\/p>\n\n\n\n<p><strong>Acapulco, Gro. \u2013<\/strong> En los \u00faltimos diez d\u00edas la violencia se ha recrudecido en el municipio de Ometepec, regi\u00f3n de la Costa Chica del Estado de Guerrero, dejando un saldo de cinco hombres asesinados.<\/p>\n\n\n\n<p>Esta ma\u00f1ana dos hombres fueron asesinados a balazos cuando estaban almorzando en un puesto de comida en el barrio de El Pescadillo, cerca de la escuela primaria \u201cRevoluci\u00f3n Mexicana\u201d.<\/p>\n\n\n\n<p>Se sabe que los sujetos armados viajaban a bordo de un autom\u00f3vil marca Volkswagen tipo Jetta, color azul, el cual fue perseguido por autoridades municipales, pero los agresores lograron huir.<\/p>\n\n\n\n<p>Los hechos de violencia fueron reportados a las 10:30 horas, cuando los sujetos con armas de grueso calibre, dispararon en m\u00faltiples ocasiones contra los dos comensales, por lo que hubo escenas de p\u00e1nico en la escuela.<\/p>\n\n\n\n<p>La agresi\u00f3n se da en un contexto del despliegue de seguridad y vigilancia que realizan las distintas corporaciones en Ometepec, con soldados del Ej\u00e9rcito, Guardia Nacional, Polic\u00eda Estatal y Municipal.<\/p>\n\n\n\n<p>Se sabe que las distintas corporaciones hacen recorridos de vigilancia e instala filtros y retenes de seguridad, no obstante, en los \u00faltimos diez d\u00edas se han registrado hechos de sangre.<\/p>\n\n\n\n<p>De acuerdo con las primeras investigaciones ministeriales se sabe que las dos v\u00edctimas fueron identificadas como Andr\u00e9s Gelacio \u201cN\u201d, originario del municipio de Ometepec de la colonia El Pescadillo, y Fidel Ju\u00e1rez, quien era de la comunidad El Pitayo del municipio de Cuajinicuilapa.<\/p>\n\n\n\n<p>Antes, el pasado siete de enero, en la comunidad de Capricho Viejo, en las inmediaciones de Ometepec y Cuajinicuilapa, tres hombres fueron asesinados con armas de grueso calibre.<\/p>\n\n\n\n<p>En aquella ocasi\u00f3n, los familiares de las tres v\u00edctimas se llevaron los cuerpos tras el ataque armado.<\/p>\n\n\n\n<p>El parte policial, inform\u00f3 que las personas asesinadas era Abad &#8216;N&#8217;, Mario &#8216;N&#8217;, y H\u00e9ctor &#8216;N&#8217;, quienes estaban en una fiesta cuando ingresaron sujetos con armas largas y les dispararon sin mediar palabra.<\/p>\n\n\n\n<p>Aquella noche, la agresi\u00f3n ocurri\u00f3 aproximadamente a las 22:30 horas, seg\u00fan el reporte ministeriales en la localidad El Capricho Viejo, y los familiares impidieron las diligencias, para luego levantar los cuerpos.<\/p>\n","protected":false},"excerpt":{"rendered":"<p>&#8212; En diez d\u00edas cinco homicidios dolosos&#8212; Atacaron con armas de grueso calibre Javier Trujillo Acapulco, Gro. \u2013 En los \u00faltimos diez d\u00edas la violencia se ha recrudecido en el&hellip; <\/p>\n","protected":false},"author":3,"featured_media":86444,"comment_status":"open","ping_status":"open","sticky":false,"template":"","format":"standard","meta":{"fifu_image_url":"","fifu_image_alt":"","footnotes":""},"categories":[27],"tags":[],"class_list":["post-86443","post","type-post","status-publish","format-standard","has-post-thumbnail","hentry","category-seguridad-publica"],"_links":{"self":[{"href":"https:\/\/www.interaccionnoticias.com.mx\/index.php?rest_route=\/wp\/v2\/posts\/86443","targetHints":{"allow":["GET"]}}],"collection":[{"href":"https:\/\/www.interaccionnoticias.com.mx\/index.php?rest_route=\/wp\/v2\/posts"}],"about":[{"href":"https:\/\/www.interaccionnoticias.com.mx\/index.php?rest_route=\/wp\/v2\/types\/post"}],"author":[{"embeddable":true,"href":"https:\/\/www.interaccionnoticias.com.mx\/index.php?rest_route=\/wp\/v2\/users\/3"}],"replies":[{"embeddable":true,"href":"https:\/\/www.interaccionnoticias.com.mx\/index.php?rest_route=%2Fwp%2Fv2%2Fcomments&post=86443"}],"version-history":[{"count":1,"href":"https:\/\/www.interaccionnoticias.com.mx\/index.php?rest_route=\/wp\/v2\/posts\/86443\/revisions"}],"predecessor-version":[{"id":86445,"href":"https:\/\/www.interaccionnoticias.com.mx\/index.php?rest_route=\/wp\/v2\/posts\/86443\/revisions\/86445"}],"wp:featuredmedia":[{"embeddable":true,"href":"https:\/\/www.interaccionnoticias.com.mx\/index.php?rest_route=\/wp\/v2\/media\/86444"}],"wp:attachment":[{"href":"https:\/\/www.interaccionnoticias.com.mx\/index.php?rest_route=%2Fwp%2Fv2%2Fmedia&parent=86443"}],"wp:term":[{"taxonomy":"category","embeddable":true,"href":"https:\/\/www.interaccionnoticias.com.mx\/index.php?rest_route=%2Fwp%2Fv2%2Fcategories&post=86443"},{"taxonomy":"post_tag","embeddable":true,"href":"https:\/\/www.interaccionnoticias.com.mx\/index.php?rest_route=%2Fwp%2Fv2%2Ftags&post=86443"}],"curies":[{"name":"wp","href":"https:\/\/api.w.org\/{rel}","templated":true}]}}