{"id":86434,"date":"2025-01-16T13:02:42","date_gmt":"2025-01-16T19:02:42","guid":{"rendered":"https:\/\/www.interaccionnoticias.com.mx\/?p=86434"},"modified":"2025-01-16T13:02:44","modified_gmt":"2025-01-16T19:02:44","slug":"confirma-seg-la-reactivacion-de-clases-en-chautipan","status":"publish","type":"post","link":"https:\/\/www.interaccionnoticias.com.mx\/?p=86434","title":{"rendered":"Confirma SEG la reactivaci\u00f3n de clases en Chautipan"},"content":{"rendered":"\n<p><strong><em>&#8212; Marcial Rodr\u00edguez Salda\u00f1a, titular del sector asegura que las clases ya se restablecieron en el preescolar, la primaria y telesecundaria<br>&#8212; Solo regresaron en la primaria, aclara padre de familia<\/em><\/strong><\/p>\n\n\n\n<p><strong>Rogelio Agust\u00edn<\/strong><\/p>\n\n\n\n<p>El titular de la Secretar\u00eda de Educaci\u00f3n Guerrero (SEG), Marcial Rodr\u00edguez Salda\u00f1a confirm\u00f3 que los maestros ya se presentaron a dar clases en la comunidad de Chautipan, que esta semana denunciaron que ten\u00edan casi cinco meses sin recibir la atenci\u00f3n correspondiente.<\/p>\n\n\n\n<p>Rodr\u00edguez Salda\u00f1a record\u00f3 que el pasado 8 de enero, un d\u00eda antes de que se regresara del periodo vacacional decembrino, la gobernadora Evelyn Salgado Pineda estuvo en la comunidad de referencia para celebrar con los ni\u00f1os el D\u00eda de Reyes.<\/p>\n\n\n\n<p>Ese d\u00eda, los padres de familia hicieron un primer planteamiento sobre el tema de las clases, aunque fue la semana siguiente cuando los padres de familia hicieron la denuncia p\u00fablica.<\/p>\n\n\n\n<p>El secretario de Educaci\u00f3n sostuvo que desde el martes 14 de enero las clases se reactivaron.<\/p>\n\n\n\n<p>\u201cYo me comuniqu\u00e9 con el comisario y me confirm\u00f3 que la escuela primaria, la telesecundaria y el preescolar ya estaba trabajando con sus maestros desde el d\u00eda de antier\u201d, destac\u00f3.<\/p>\n\n\n\n<p>Refiri\u00f3 que ya recibi\u00f3 im\u00e1genes en las que se le hace constar desde el martes 14 de enero, que las clases ya se restablecieron.<\/p>\n\n\n\n<p>El funcionario reconoci\u00f3 que existen algunos casos, en donde los comisarios y pobladores han reportado que existen maestros que no van de manera regular a impartir clases, por lo que ya se toman las medidas correspondientes.<\/p>\n\n\n\n<p>\u201cLo que hacemos en esos casos, es llamar al director de la escuela y el responsable inmediato de hacer cumplir a maestros y supervisor, para conminarlos a dar clases a los alumnos\u201d, destac\u00f3.<\/p>\n\n\n\n<p>Otro caso en el que se hab\u00edan paralizado las actividades, pero donde tambi\u00e9n ya se regres\u00f3 completamente a clases presenciales es en Cuajinicuilapa, donde la inseguridad lleg\u00f3 a tal nivel, que el propio presidente municipal tuvo que retirarse plenamente del municipio para solicitar garant\u00edas.<\/p>\n\n\n\n<p>V\u00eda mensaje, el representante de los padres de familia de Chautipan, Luis Salvador R\u00edos, confirm\u00f3 que las clases ya se restablecieron en la escuela primaria, pero aclar\u00f3 que todav\u00eda falta por normalizar al k\u00ednder y la telesecundaria.<\/p>\n\n\n\n<div class=\"wp-block-jetpack-slideshow aligncenter\" data-effect=\"slide\"><div class=\"wp-block-jetpack-slideshow_container swiper-container\"><ul class=\"wp-block-jetpack-slideshow_swiper-wrapper swiper-wrapper\"><li class=\"wp-block-jetpack-slideshow_slide swiper-slide\"><figure><img decoding=\"async\" src=\"data:image\/gif;base64,R0lGODlhAQABAIAAAAAAAP\/\/\/ywAAAAAAQABAAACAUwAOw==\" fifu-lazy=\"1\" fifu-data-sizes=\"auto\" fifu-data-srcset=\"https:\/\/i1.wp.com\/www.interaccionnoticias.com.mx\/wp-content\/uploads\/2025\/01\/250116-SEG-1-1024x683.jpg?ssl=1&w=75&resize=75&ssl=1 75w, https:\/\/i1.wp.com\/www.interaccionnoticias.com.mx\/wp-content\/uploads\/2025\/01\/250116-SEG-1-1024x683.jpg?ssl=1&w=100&resize=100&ssl=1 100w, https:\/\/i1.wp.com\/www.interaccionnoticias.com.mx\/wp-content\/uploads\/2025\/01\/250116-SEG-1-1024x683.jpg?ssl=1&w=150&resize=150&ssl=1 150w, https:\/\/i1.wp.com\/www.interaccionnoticias.com.mx\/wp-content\/uploads\/2025\/01\/250116-SEG-1-1024x683.jpg?ssl=1&w=240&resize=240&ssl=1 240w, https:\/\/i1.wp.com\/www.interaccionnoticias.com.mx\/wp-content\/uploads\/2025\/01\/250116-SEG-1-1024x683.jpg?ssl=1&w=320&resize=320&ssl=1 320w, https:\/\/i1.wp.com\/www.interaccionnoticias.com.mx\/wp-content\/uploads\/2025\/01\/250116-SEG-1-1024x683.jpg?ssl=1&w=500&resize=500&ssl=1 500w, https:\/\/i1.wp.com\/www.interaccionnoticias.com.mx\/wp-content\/uploads\/2025\/01\/250116-SEG-1-1024x683.jpg?ssl=1&w=640&resize=640&ssl=1 640w, https:\/\/i1.wp.com\/www.interaccionnoticias.com.mx\/wp-content\/uploads\/2025\/01\/250116-SEG-1-1024x683.jpg?ssl=1&w=800&resize=800&ssl=1 800w, https:\/\/i1.wp.com\/www.interaccionnoticias.com.mx\/wp-content\/uploads\/2025\/01\/250116-SEG-1-1024x683.jpg?ssl=1&w=1024&resize=1024&ssl=1 1024w, https:\/\/i1.wp.com\/www.interaccionnoticias.com.mx\/wp-content\/uploads\/2025\/01\/250116-SEG-1-1024x683.jpg?ssl=1&w=1280&resize=1280&ssl=1 1280w, https:\/\/i1.wp.com\/www.interaccionnoticias.com.mx\/wp-content\/uploads\/2025\/01\/250116-SEG-1-1024x683.jpg?ssl=1&w=1600&resize=1600&ssl=1 1600w\" alt=\"\" class=\"wp-block-jetpack-slideshow_image wp-image-86435\" data-id=\"86435\" fifu-data-src=\"https:\/\/i1.wp.com\/www.interaccionnoticias.com.mx\/wp-content\/uploads\/2025\/01\/250116-SEG-1-1024x683.jpg?ssl=1\"\/><\/figure><\/li><li class=\"wp-block-jetpack-slideshow_slide swiper-slide\"><figure><img decoding=\"async\" src=\"data:image\/gif;base64,R0lGODlhAQABAIAAAAAAAP\/\/\/ywAAAAAAQABAAACAUwAOw==\" fifu-lazy=\"1\" fifu-data-sizes=\"auto\" fifu-data-srcset=\"https:\/\/i2.wp.com\/www.interaccionnoticias.com.mx\/wp-content\/uploads\/2025\/01\/250116-SEG-2-1024x683.jpg?ssl=1&w=75&resize=75&ssl=1 75w, https:\/\/i2.wp.com\/www.interaccionnoticias.com.mx\/wp-content\/uploads\/2025\/01\/250116-SEG-2-1024x683.jpg?ssl=1&w=100&resize=100&ssl=1 100w, https:\/\/i2.wp.com\/www.interaccionnoticias.com.mx\/wp-content\/uploads\/2025\/01\/250116-SEG-2-1024x683.jpg?ssl=1&w=150&resize=150&ssl=1 150w, https:\/\/i2.wp.com\/www.interaccionnoticias.com.mx\/wp-content\/uploads\/2025\/01\/250116-SEG-2-1024x683.jpg?ssl=1&w=240&resize=240&ssl=1 240w, https:\/\/i2.wp.com\/www.interaccionnoticias.com.mx\/wp-content\/uploads\/2025\/01\/250116-SEG-2-1024x683.jpg?ssl=1&w=320&resize=320&ssl=1 320w, https:\/\/i2.wp.com\/www.interaccionnoticias.com.mx\/wp-content\/uploads\/2025\/01\/250116-SEG-2-1024x683.jpg?ssl=1&w=500&resize=500&ssl=1 500w, https:\/\/i2.wp.com\/www.interaccionnoticias.com.mx\/wp-content\/uploads\/2025\/01\/250116-SEG-2-1024x683.jpg?ssl=1&w=640&resize=640&ssl=1 640w, https:\/\/i2.wp.com\/www.interaccionnoticias.com.mx\/wp-content\/uploads\/2025\/01\/250116-SEG-2-1024x683.jpg?ssl=1&w=800&resize=800&ssl=1 800w, https:\/\/i2.wp.com\/www.interaccionnoticias.com.mx\/wp-content\/uploads\/2025\/01\/250116-SEG-2-1024x683.jpg?ssl=1&w=1024&resize=1024&ssl=1 1024w, https:\/\/i2.wp.com\/www.interaccionnoticias.com.mx\/wp-content\/uploads\/2025\/01\/250116-SEG-2-1024x683.jpg?ssl=1&w=1280&resize=1280&ssl=1 1280w, https:\/\/i2.wp.com\/www.interaccionnoticias.com.mx\/wp-content\/uploads\/2025\/01\/250116-SEG-2-1024x683.jpg?ssl=1&w=1600&resize=1600&ssl=1 1600w\" alt=\"\" class=\"wp-block-jetpack-slideshow_image wp-image-86436\" data-id=\"86436\" fifu-data-src=\"https:\/\/i2.wp.com\/www.interaccionnoticias.com.mx\/wp-content\/uploads\/2025\/01\/250116-SEG-2-1024x683.jpg?ssl=1\"\/><\/figure><\/li><\/ul><a class=\"wp-block-jetpack-slideshow_button-prev swiper-button-prev swiper-button-white\" role=\"button\"><\/a><a class=\"wp-block-jetpack-slideshow_button-next swiper-button-next swiper-button-white\" role=\"button\"><\/a><a aria-label=\"Pause Slideshow\" class=\"wp-block-jetpack-slideshow_button-pause\" role=\"button\"><\/a><div class=\"wp-block-jetpack-slideshow_pagination swiper-pagination swiper-pagination-white\"><\/div><\/div><\/div>\n","protected":false},"excerpt":{"rendered":"<p>&#8212; Marcial Rodr\u00edguez Salda\u00f1a, titular del sector asegura que las clases ya se restablecieron en el preescolar, la primaria y telesecundaria&#8212; Solo regresaron en la primaria, aclara padre de familia&hellip; <\/p>\n","protected":false},"author":21,"featured_media":86436,"comment_status":"open","ping_status":"open","sticky":false,"template":"","format":"standard","meta":{"fifu_image_url":"","fifu_image_alt":"","footnotes":""},"categories":[6],"tags":[],"class_list":["post-86434","post","type-post","status-publish","format-standard","has-post-thumbnail","hentry","category-educacion"],"_links":{"self":[{"href":"https:\/\/www.interaccionnoticias.com.mx\/index.php?rest_route=\/wp\/v2\/posts\/86434","targetHints":{"allow":["GET"]}}],"collection":[{"href":"https:\/\/www.interaccionnoticias.com.mx\/index.php?rest_route=\/wp\/v2\/posts"}],"about":[{"href":"https:\/\/www.interaccionnoticias.com.mx\/index.php?rest_route=\/wp\/v2\/types\/post"}],"author":[{"embeddable":true,"href":"https:\/\/www.interaccionnoticias.com.mx\/index.php?rest_route=\/wp\/v2\/users\/21"}],"replies":[{"embeddable":true,"href":"https:\/\/www.interaccionnoticias.com.mx\/index.php?rest_route=%2Fwp%2Fv2%2Fcomments&post=86434"}],"version-history":[{"count":1,"href":"https:\/\/www.interaccionnoticias.com.mx\/index.php?rest_route=\/wp\/v2\/posts\/86434\/revisions"}],"predecessor-version":[{"id":86437,"href":"https:\/\/www.interaccionnoticias.com.mx\/index.php?rest_route=\/wp\/v2\/posts\/86434\/revisions\/86437"}],"wp:featuredmedia":[{"embeddable":true,"href":"https:\/\/www.interaccionnoticias.com.mx\/index.php?rest_route=\/wp\/v2\/media\/86436"}],"wp:attachment":[{"href":"https:\/\/www.interaccionnoticias.com.mx\/index.php?rest_route=%2Fwp%2Fv2%2Fmedia&parent=86434"}],"wp:term":[{"taxonomy":"category","embeddable":true,"href":"https:\/\/www.interaccionnoticias.com.mx\/index.php?rest_route=%2Fwp%2Fv2%2Fcategories&post=86434"},{"taxonomy":"post_tag","embeddable":true,"href":"https:\/\/www.interaccionnoticias.com.mx\/index.php?rest_route=%2Fwp%2Fv2%2Ftags&post=86434"}],"curies":[{"name":"wp","href":"https:\/\/api.w.org\/{rel}","templated":true}]}}