{"id":86430,"date":"2025-01-16T12:47:09","date_gmt":"2025-01-16T18:47:09","guid":{"rendered":"https:\/\/www.interaccionnoticias.com.mx\/?p=86430"},"modified":"2025-01-16T12:52:25","modified_gmt":"2025-01-16T18:52:25","slug":"claudia-sheinbaum-presentara-proyecto-para-acapulco","status":"publish","type":"post","link":"https:\/\/www.interaccionnoticias.com.mx\/?p=86430","title":{"rendered":"Claudia Sheinbaum presentar\u00e1 proyecto para Acapulco y avances en materia de seguridad en su visita a Guerrero"},"content":{"rendered":"\n<p><em><strong>&#8212; Adelant\u00f3 que el proyecto trata de la inversi\u00f3n p\u00fablica y privada que van a realizar en el puerto, tras el paso del hurac\u00e1n Otis y John<\/strong><\/em><\/p>\n\n\n\n<p><strong>Yasm\u00edn Garc\u00eda<\/strong><\/p>\n\n\n\n<p>La presidenta de Mexico, Claudia Sheinbaum Pardo visitar\u00e1 Acapulco, Costa Chica y la Monta\u00f1a de Guerrero, presentar\u00e1 el proyecto \u00abAcapulco se Transforma Contigo\u00bb, y avances en materia de seguridad.<\/p>\n\n\n\n<p>Esta ma\u00f1ana en la conferencia matutina, en Palacio Nacional, Claudia Sheinbaum dijo que su visita al puerto de Acapulco es para dar a conocer el proyecto Acapulco que lleva por nombre \u00abAcapulco se Transforma Contigo\u00bb.<\/p>\n\n\n\n<p>Adelant\u00f3 que el proyecto trata de la inversi\u00f3n p\u00fablica y privada que van a realizar en el puerto, tras el paso del hurac\u00e1n Otis y John.<\/p>\n\n\n\n<p>\u00abMuchos empresarios tomaron la decisi\u00f3n de participar para ayudar a la rehabilitaci\u00f3n integral de Acapulco\u00bb, dijo.<\/p>\n\n\n\n<p>Indic\u00f3 que las habitaciones de hotel disponibles tras el paso del hurac\u00e1n Otis es de un 75 por ciento.<\/p>\n\n\n\n<p>\u00abAunque hay que decir a\u00fan quedan habitaciones por construir por el hurac\u00e1n Otis pero las que estan es de un 70, 75 por ciento que tuvieron una ocupaci\u00f3n en diciembre del 95 por ciento, es decir tuvo una recepci\u00f3n muy importante\u00bb.<\/p>\n\n\n\n<p>Sheinbaum Pardo llegar\u00e1 la tarde de este jueves, a las 17:45 horas esta programado el evento, creaci\u00f3n del Centro Integral para el Programa \u00abAcapulco se Transforma Contigo\u00bb, en el anfiteatro de Sinfon\u00eda del Mar.<\/p>\n\n\n\n<p>El viernes la presidenta realizar\u00e1 la conferencia matutina en la base de la Octava Regi\u00f3n Naval en donde informar\u00e1 de los avances en materia de seguridad en Guerrero, as\u00ed como de los avances de trabajo del gobierno federal tras el paso del hurac\u00e1n Otis y John.<\/p>\n\n\n\n<p>El viernes y s\u00e1bado visitar\u00e1 la regi\u00f3n de Costa Chica y el municipio de Tlapa de Comonfort en donde inaugurar\u00e1 un hospital y visitar\u00e1 el Centro Telet\u00f3n que beneficiar\u00e1 a mil 650 personas cada a\u00f1o.<\/p>\n","protected":false},"excerpt":{"rendered":"<p>&#8212; Adelant\u00f3 que el proyecto trata de la inversi\u00f3n p\u00fablica y privada que van a realizar en el puerto, tras el paso del hurac\u00e1n Otis y John Yasm\u00edn Garc\u00eda La&hellip; <\/p>\n","protected":false},"author":32,"featured_media":86431,"comment_status":"open","ping_status":"open","sticky":false,"template":"","format":"standard","meta":{"fifu_image_url":"","fifu_image_alt":"","footnotes":""},"categories":[11],"tags":[],"class_list":["post-86430","post","type-post","status-publish","format-standard","has-post-thumbnail","hentry","category-guerrero"],"_links":{"self":[{"href":"https:\/\/www.interaccionnoticias.com.mx\/index.php?rest_route=\/wp\/v2\/posts\/86430","targetHints":{"allow":["GET"]}}],"collection":[{"href":"https:\/\/www.interaccionnoticias.com.mx\/index.php?rest_route=\/wp\/v2\/posts"}],"about":[{"href":"https:\/\/www.interaccionnoticias.com.mx\/index.php?rest_route=\/wp\/v2\/types\/post"}],"author":[{"embeddable":true,"href":"https:\/\/www.interaccionnoticias.com.mx\/index.php?rest_route=\/wp\/v2\/users\/32"}],"replies":[{"embeddable":true,"href":"https:\/\/www.interaccionnoticias.com.mx\/index.php?rest_route=%2Fwp%2Fv2%2Fcomments&post=86430"}],"version-history":[{"count":2,"href":"https:\/\/www.interaccionnoticias.com.mx\/index.php?rest_route=\/wp\/v2\/posts\/86430\/revisions"}],"predecessor-version":[{"id":86433,"href":"https:\/\/www.interaccionnoticias.com.mx\/index.php?rest_route=\/wp\/v2\/posts\/86430\/revisions\/86433"}],"wp:featuredmedia":[{"embeddable":true,"href":"https:\/\/www.interaccionnoticias.com.mx\/index.php?rest_route=\/wp\/v2\/media\/86431"}],"wp:attachment":[{"href":"https:\/\/www.interaccionnoticias.com.mx\/index.php?rest_route=%2Fwp%2Fv2%2Fmedia&parent=86430"}],"wp:term":[{"taxonomy":"category","embeddable":true,"href":"https:\/\/www.interaccionnoticias.com.mx\/index.php?rest_route=%2Fwp%2Fv2%2Fcategories&post=86430"},{"taxonomy":"post_tag","embeddable":true,"href":"https:\/\/www.interaccionnoticias.com.mx\/index.php?rest_route=%2Fwp%2Fv2%2Ftags&post=86430"}],"curies":[{"name":"wp","href":"https:\/\/api.w.org\/{rel}","templated":true}]}}