{"id":86373,"date":"2025-01-14T18:18:55","date_gmt":"2025-01-15T00:18:55","guid":{"rendered":"https:\/\/www.interaccionnoticias.com.mx\/?p=86373"},"modified":"2025-01-14T18:20:08","modified_gmt":"2025-01-15T00:20:08","slug":"habitantes-de-chilpancingo-perdieron-sus-viviendas-por-lluvias-del-fin-de-semana","status":"publish","type":"post","link":"https:\/\/www.interaccionnoticias.com.mx\/?p=86373","title":{"rendered":"Habitantes de Chilpancingo perdieron sus viviendas por lluvias del fin de semana"},"content":{"rendered":"\n<p><strong><em>&#8212; Lamentan no contar con apoyo del ayuntamiento capitalino<\/em><\/strong><\/p>\n\n\n\n<p><strong>Rosario Garc\u00eda Orozco<\/strong><\/p>\n\n\n\n<p>Habitantes de Chilpancingo, quienes perdieron sus viviendas por las lluvias at\u00edpicas del fin de semana, lamentaron no contar con el apoyo del Ayuntamiento para adquirir por lo menos algo de madera y no dormir en la intemperie.<\/p>\n\n\n\n<p>Integrantes de tres familias que perdieron sus hogares, dijeron que solicitaron el apoyo del ayuntamiento de Chilpancingo, pero les negaron la ayuda y solo han contado con el respaldo de sus vecinos.<\/p>\n\n\n\n<p>Recordaron que perdieron sus viviendas, a consecuencia de las lluvias at\u00edpicas del pasado fin de semana, en la Colonia Indeco, y \u201choy duermen bajo los escombros\u00bb.<\/p>\n\n\n\n<p>De tal manera que los propietarios de las viviendas afectadas, Eduardo Delgado V\u00e9lez, \u00c9lidia V\u00e9lez Nava y V\u00edctor Hugo Torres V\u00e9llez, reportaron al ayuntamiento, la ca\u00edda de un \u00e1rbol sobre sus casas, pero solo \u00abfueron a retirar el \u00e1rbol, sin prestarnos ayuda\u00bb a los damnificados.<\/p>\n\n\n\n<p>Posteriormente, los afectados acudieron al ayuntamiento a gestionar apoyos para la rehabilitaci\u00f3n de sus viviendas, y comentaron que tuvieron acceso al presidente municipal, Gustavo Alarc\u00f3n Herrera, quien les inform\u00f3 que la administraci\u00f3n municipal \u00abno cuenta con recursos econ\u00f3micos para cubrir esas necesidades\u00bb.<\/p>\n\n\n\n<p>Los damnificados mencionaron que en las tres viviendas afectadas habitan por lo menos 10 personas, en una de las casas viven cinco, en otra tres y en una tercera, dos personas m\u00e1s, quienes desde hace unos d\u00edas \u201cdormimos sobre los escombros\u201d.<\/p>\n\n\n\n<div class=\"wp-block-jetpack-slideshow aligncenter\" data-effect=\"slide\"><div class=\"wp-block-jetpack-slideshow_container swiper-container\"><ul class=\"wp-block-jetpack-slideshow_swiper-wrapper swiper-wrapper\"><li class=\"wp-block-jetpack-slideshow_slide swiper-slide\"><figure><img decoding=\"async\" src=\"data:image\/gif;base64,R0lGODlhAQABAIAAAAAAAP\/\/\/ywAAAAAAQABAAACAUwAOw==\" fifu-lazy=\"1\" fifu-data-sizes=\"auto\" fifu-data-srcset=\"https:\/\/i3.wp.com\/www.interaccionnoticias.com.mx\/wp-content\/uploads\/2025\/01\/250114-perdieron-sus-viviendas-1-1024x683.jpg?ssl=1&w=75&resize=75&ssl=1 75w, https:\/\/i3.wp.com\/www.interaccionnoticias.com.mx\/wp-content\/uploads\/2025\/01\/250114-perdieron-sus-viviendas-1-1024x683.jpg?ssl=1&w=100&resize=100&ssl=1 100w, https:\/\/i3.wp.com\/www.interaccionnoticias.com.mx\/wp-content\/uploads\/2025\/01\/250114-perdieron-sus-viviendas-1-1024x683.jpg?ssl=1&w=150&resize=150&ssl=1 150w, https:\/\/i3.wp.com\/www.interaccionnoticias.com.mx\/wp-content\/uploads\/2025\/01\/250114-perdieron-sus-viviendas-1-1024x683.jpg?ssl=1&w=240&resize=240&ssl=1 240w, https:\/\/i3.wp.com\/www.interaccionnoticias.com.mx\/wp-content\/uploads\/2025\/01\/250114-perdieron-sus-viviendas-1-1024x683.jpg?ssl=1&w=320&resize=320&ssl=1 320w, https:\/\/i3.wp.com\/www.interaccionnoticias.com.mx\/wp-content\/uploads\/2025\/01\/250114-perdieron-sus-viviendas-1-1024x683.jpg?ssl=1&w=500&resize=500&ssl=1 500w, https:\/\/i3.wp.com\/www.interaccionnoticias.com.mx\/wp-content\/uploads\/2025\/01\/250114-perdieron-sus-viviendas-1-1024x683.jpg?ssl=1&w=640&resize=640&ssl=1 640w, https:\/\/i3.wp.com\/www.interaccionnoticias.com.mx\/wp-content\/uploads\/2025\/01\/250114-perdieron-sus-viviendas-1-1024x683.jpg?ssl=1&w=800&resize=800&ssl=1 800w, https:\/\/i3.wp.com\/www.interaccionnoticias.com.mx\/wp-content\/uploads\/2025\/01\/250114-perdieron-sus-viviendas-1-1024x683.jpg?ssl=1&w=1024&resize=1024&ssl=1 1024w, https:\/\/i3.wp.com\/www.interaccionnoticias.com.mx\/wp-content\/uploads\/2025\/01\/250114-perdieron-sus-viviendas-1-1024x683.jpg?ssl=1&w=1280&resize=1280&ssl=1 1280w, https:\/\/i3.wp.com\/www.interaccionnoticias.com.mx\/wp-content\/uploads\/2025\/01\/250114-perdieron-sus-viviendas-1-1024x683.jpg?ssl=1&w=1600&resize=1600&ssl=1 1600w\" alt=\"\" class=\"wp-block-jetpack-slideshow_image wp-image-86374\" data-id=\"86374\" fifu-data-src=\"https:\/\/i3.wp.com\/www.interaccionnoticias.com.mx\/wp-content\/uploads\/2025\/01\/250114-perdieron-sus-viviendas-1-1024x683.jpg?ssl=1\"\/><\/figure><\/li><li class=\"wp-block-jetpack-slideshow_slide swiper-slide\"><figure><img decoding=\"async\" src=\"data:image\/gif;base64,R0lGODlhAQABAIAAAAAAAP\/\/\/ywAAAAAAQABAAACAUwAOw==\" fifu-lazy=\"1\" fifu-data-sizes=\"auto\" fifu-data-srcset=\"https:\/\/i0.wp.com\/www.interaccionnoticias.com.mx\/wp-content\/uploads\/2025\/01\/250114-perdieron-sus-viviendas-2-1024x683.jpg?ssl=1&w=75&resize=75&ssl=1 75w, https:\/\/i0.wp.com\/www.interaccionnoticias.com.mx\/wp-content\/uploads\/2025\/01\/250114-perdieron-sus-viviendas-2-1024x683.jpg?ssl=1&w=100&resize=100&ssl=1 100w, https:\/\/i0.wp.com\/www.interaccionnoticias.com.mx\/wp-content\/uploads\/2025\/01\/250114-perdieron-sus-viviendas-2-1024x683.jpg?ssl=1&w=150&resize=150&ssl=1 150w, https:\/\/i0.wp.com\/www.interaccionnoticias.com.mx\/wp-content\/uploads\/2025\/01\/250114-perdieron-sus-viviendas-2-1024x683.jpg?ssl=1&w=240&resize=240&ssl=1 240w, https:\/\/i0.wp.com\/www.interaccionnoticias.com.mx\/wp-content\/uploads\/2025\/01\/250114-perdieron-sus-viviendas-2-1024x683.jpg?ssl=1&w=320&resize=320&ssl=1 320w, https:\/\/i0.wp.com\/www.interaccionnoticias.com.mx\/wp-content\/uploads\/2025\/01\/250114-perdieron-sus-viviendas-2-1024x683.jpg?ssl=1&w=500&resize=500&ssl=1 500w, https:\/\/i0.wp.com\/www.interaccionnoticias.com.mx\/wp-content\/uploads\/2025\/01\/250114-perdieron-sus-viviendas-2-1024x683.jpg?ssl=1&w=640&resize=640&ssl=1 640w, https:\/\/i0.wp.com\/www.interaccionnoticias.com.mx\/wp-content\/uploads\/2025\/01\/250114-perdieron-sus-viviendas-2-1024x683.jpg?ssl=1&w=800&resize=800&ssl=1 800w, https:\/\/i0.wp.com\/www.interaccionnoticias.com.mx\/wp-content\/uploads\/2025\/01\/250114-perdieron-sus-viviendas-2-1024x683.jpg?ssl=1&w=1024&resize=1024&ssl=1 1024w, https:\/\/i0.wp.com\/www.interaccionnoticias.com.mx\/wp-content\/uploads\/2025\/01\/250114-perdieron-sus-viviendas-2-1024x683.jpg?ssl=1&w=1280&resize=1280&ssl=1 1280w, https:\/\/i0.wp.com\/www.interaccionnoticias.com.mx\/wp-content\/uploads\/2025\/01\/250114-perdieron-sus-viviendas-2-1024x683.jpg?ssl=1&w=1600&resize=1600&ssl=1 1600w\" alt=\"\" class=\"wp-block-jetpack-slideshow_image wp-image-86375\" data-id=\"86375\" fifu-data-src=\"https:\/\/i0.wp.com\/www.interaccionnoticias.com.mx\/wp-content\/uploads\/2025\/01\/250114-perdieron-sus-viviendas-2-1024x683.jpg?ssl=1\"\/><\/figure><\/li><\/ul><a class=\"wp-block-jetpack-slideshow_button-prev swiper-button-prev swiper-button-white\" role=\"button\"><\/a><a class=\"wp-block-jetpack-slideshow_button-next swiper-button-next swiper-button-white\" role=\"button\"><\/a><a aria-label=\"Pause Slideshow\" class=\"wp-block-jetpack-slideshow_button-pause\" role=\"button\"><\/a><div class=\"wp-block-jetpack-slideshow_pagination swiper-pagination swiper-pagination-white\"><\/div><\/div><\/div>\n","protected":false},"excerpt":{"rendered":"<p>&#8212; Lamentan no contar con apoyo del ayuntamiento capitalino Rosario Garc\u00eda Orozco Habitantes de Chilpancingo, quienes perdieron sus viviendas por las lluvias at\u00edpicas del fin de semana, lamentaron no contar&hellip; <\/p>\n","protected":false},"author":14,"featured_media":86375,"comment_status":"open","ping_status":"open","sticky":false,"template":"","format":"standard","meta":{"fifu_image_url":"","fifu_image_alt":"","footnotes":""},"categories":[13],"tags":[],"class_list":["post-86373","post","type-post","status-publish","format-standard","has-post-thumbnail","hentry","category-capital"],"_links":{"self":[{"href":"https:\/\/www.interaccionnoticias.com.mx\/index.php?rest_route=\/wp\/v2\/posts\/86373","targetHints":{"allow":["GET"]}}],"collection":[{"href":"https:\/\/www.interaccionnoticias.com.mx\/index.php?rest_route=\/wp\/v2\/posts"}],"about":[{"href":"https:\/\/www.interaccionnoticias.com.mx\/index.php?rest_route=\/wp\/v2\/types\/post"}],"author":[{"embeddable":true,"href":"https:\/\/www.interaccionnoticias.com.mx\/index.php?rest_route=\/wp\/v2\/users\/14"}],"replies":[{"embeddable":true,"href":"https:\/\/www.interaccionnoticias.com.mx\/index.php?rest_route=%2Fwp%2Fv2%2Fcomments&post=86373"}],"version-history":[{"count":2,"href":"https:\/\/www.interaccionnoticias.com.mx\/index.php?rest_route=\/wp\/v2\/posts\/86373\/revisions"}],"predecessor-version":[{"id":86377,"href":"https:\/\/www.interaccionnoticias.com.mx\/index.php?rest_route=\/wp\/v2\/posts\/86373\/revisions\/86377"}],"wp:featuredmedia":[{"embeddable":true,"href":"https:\/\/www.interaccionnoticias.com.mx\/index.php?rest_route=\/wp\/v2\/media\/86375"}],"wp:attachment":[{"href":"https:\/\/www.interaccionnoticias.com.mx\/index.php?rest_route=%2Fwp%2Fv2%2Fmedia&parent=86373"}],"wp:term":[{"taxonomy":"category","embeddable":true,"href":"https:\/\/www.interaccionnoticias.com.mx\/index.php?rest_route=%2Fwp%2Fv2%2Fcategories&post=86373"},{"taxonomy":"post_tag","embeddable":true,"href":"https:\/\/www.interaccionnoticias.com.mx\/index.php?rest_route=%2Fwp%2Fv2%2Ftags&post=86373"}],"curies":[{"name":"wp","href":"https:\/\/api.w.org\/{rel}","templated":true}]}}