{"id":8632,"date":"2017-09-28T16:54:37","date_gmt":"2017-09-28T21:54:37","guid":{"rendered":"http:\/\/www.inter-accion.com.mx\/?p=8632"},"modified":"2017-09-28T16:54:37","modified_gmt":"2017-09-28T21:54:37","slug":"paran-labores-en-cuatro-escuelas-en-acapulco","status":"publish","type":"post","link":"https:\/\/www.interaccionnoticias.com.mx\/?p=8632","title":{"rendered":"Paran labores en cuatro escuelas en Acapulco"},"content":{"rendered":"<p><br \/>\n<strong>Exigen a las autoridades de PC revisi\u00f3n de planteles<\/strong><br \/>\n<strong>Acapulco, Gro.-<\/strong> Este jueves alumnos, padres de familia y maestros realizan movilizaciones, protestas y bloqueos en Acapulco, para exigir la revisi\u00f3n de instalaciones educativas por parte de Protecci\u00f3n Civil.<br \/>\nLa protesta dej\u00f3 sin clases a los alumnos de los cuatro centros educativos, aunque en las movilizaciones participaron grupos reducidos de maestros, padres de familia y alumnos de los diferentes grados escolares.<br \/>\nAdvierten que sus hijos regresar\u00e1n a clases hasta que les lleven un dictamen de que no existe riesgo en las escuelas.<br \/>\nCon cartulinas alumnos de los diferentes grados de educaci\u00f3n b\u00e1sica, se apostaron sobre las avenidas Constituyentes, Costera Miguel Alem\u00e1n, Cuauht\u00e9moc y el bulevar Vicente Guerrero en Acapulco.<br \/>\nSon estudiantes y docentes de las escuelas de educaci\u00f3n b\u00e1sica \u201cVicente Guerrero\u201d, \u201cEva S\u00e1mano\u201d, y \u201cCarlos A Carrillo\u201d, ubicadas en la zona conurbada y en el anfiteatro porte\u00f1o de este destino tur\u00edstico. &nbsp;<br \/>\nExigen a las autoridades municipales de Protecci\u00f3n Civil que se realicen revisi\u00f3n en aulas y edificios de los planteles educativos, pues existe temor por parte de los padres de familia que ocurra una tragedia.<br \/>\n\u201cExigimos que Protecci\u00f3n Civil nos eval\u00fae\u201d, \u201cUrge dictamen en la escuela Vicente Guerrero\u201d, \u201cEn visto\u2026 As\u00ed nos dej\u00f3 el delegado\u201d, \u201cAutoridades queremos soluci\u00f3n a la escuela Carlos A Carrillo\u201d, reprochan alumnos, padres de familia y maestros que lideran las protestas.<br \/>\n\u201cTenemos mucho miedo por nuestros hijos, porque dos salones se demolieron anteriormente, nadie se hace responsable y hay dos salones con da\u00f1os, pero Protecci\u00f3n Civil dice que todo est\u00e1 bien.<br \/>\n\u201cQue venga Sabas de la Rosa Camacho, coordinador general de Protecci\u00f3n Civil, que diga que nos d\u00e9 un dictamen y tambi\u00e9n las autoridades de la Secretar\u00eda de Educaci\u00f3n Guerrero, porque si pasa algo, nadie se querr\u00e1 hacer responsable\u201d, reclam\u00f3 Maricela Rivera, madre de familia de la escuela, Carlos A Carrillo.<br \/>\nLas protestas se realizan desde las ocho de la ma\u00f1ana con m\u00e1s de medio centenar de los padres y alumnos de la Eva S\u00e1mano.<br \/>\nSobre la avenida Constituyentes, los manifestantes de la primaria \u201cVicente Guerrero\u201d, en la colonia Morelos bloquean sobre la avenida Constituyentes porque acusan que personal de PC fueron al plantel educativo, pero se negaron a hacer la revisi\u00f3n, bajo el argumento de que no est\u00e1 entre las afectadas.<\/p>\n","protected":false},"excerpt":{"rendered":"<p>Exigen a las autoridades de PC revisi\u00f3n de planteles Acapulco, Gro.- Este jueves alumnos, padres de familia y maestros realizan movilizaciones, protestas y bloqueos en Acapulco, para exigir la revisi\u00f3n&hellip; <\/p>\n","protected":false},"author":1,"featured_media":0,"comment_status":"closed","ping_status":"closed","sticky":false,"template":"","format":"standard","meta":{"fifu_image_url":"","fifu_image_alt":"","footnotes":""},"categories":[6,8],"tags":[],"class_list":["post-8632","post","type-post","status-publish","format-standard","hentry","category-educacion","category-featured"],"_links":{"self":[{"href":"https:\/\/www.interaccionnoticias.com.mx\/index.php?rest_route=\/wp\/v2\/posts\/8632","targetHints":{"allow":["GET"]}}],"collection":[{"href":"https:\/\/www.interaccionnoticias.com.mx\/index.php?rest_route=\/wp\/v2\/posts"}],"about":[{"href":"https:\/\/www.interaccionnoticias.com.mx\/index.php?rest_route=\/wp\/v2\/types\/post"}],"author":[{"embeddable":true,"href":"https:\/\/www.interaccionnoticias.com.mx\/index.php?rest_route=\/wp\/v2\/users\/1"}],"replies":[{"embeddable":true,"href":"https:\/\/www.interaccionnoticias.com.mx\/index.php?rest_route=%2Fwp%2Fv2%2Fcomments&post=8632"}],"version-history":[{"count":0,"href":"https:\/\/www.interaccionnoticias.com.mx\/index.php?rest_route=\/wp\/v2\/posts\/8632\/revisions"}],"wp:attachment":[{"href":"https:\/\/www.interaccionnoticias.com.mx\/index.php?rest_route=%2Fwp%2Fv2%2Fmedia&parent=8632"}],"wp:term":[{"taxonomy":"category","embeddable":true,"href":"https:\/\/www.interaccionnoticias.com.mx\/index.php?rest_route=%2Fwp%2Fv2%2Fcategories&post=8632"},{"taxonomy":"post_tag","embeddable":true,"href":"https:\/\/www.interaccionnoticias.com.mx\/index.php?rest_route=%2Fwp%2Fv2%2Ftags&post=8632"}],"curies":[{"name":"wp","href":"https:\/\/api.w.org\/{rel}","templated":true}]}}