{"id":86309,"date":"2025-01-13T13:33:06","date_gmt":"2025-01-13T19:33:06","guid":{"rendered":"https:\/\/www.interaccionnoticias.com.mx\/?p=86309"},"modified":"2025-01-13T13:34:51","modified_gmt":"2025-01-13T19:34:51","slug":"muere-padre-del-alejandro-arcos-catalan","status":"publish","type":"post","link":"https:\/\/www.interaccionnoticias.com.mx\/?p=86309","title":{"rendered":"Muere padre del Alejandro Arcos Catal\u00e1n, alcalde de Chilpancingo, asesinado el 6 de octubre de 2024"},"content":{"rendered":"\n<p><strong><em>&#8212; La familia inform\u00f3 el deceso del se\u00f1or Leonel Arcos Luna, en la capital de Guerrero<\/em><\/strong><\/p>\n\n\n\n<p><strong>Rogelio Agust\u00edn Esteban<\/strong><\/p>\n\n\n\n<p>La madrugada de este lunes falleci\u00f3 el se\u00f1or Leonel Arcos Luna, padre de Alejandro Arcos Catal\u00e1n, el alcalde de Chilpancingo asesinado el pasado 6 de octubre.<\/p>\n\n\n\n<p>El deceso fue informado por las familias Arcos Catal\u00e1n y Arcos Luna, por medio de una esquela que se difundi\u00f3 la ma\u00f1ana del lunes 13 de enero.<\/p>\n\n\n\n<p>Dicha esquela se\u00f1ala en un texto dirigido a la poblaci\u00f3n: \u201cCon el coraz\u00f3n lleno de tristeza, pero tambi\u00e9n con la esperanza que nos da la fe, la familia Arcos Catal\u00e1n y Arcos Luna comunica el sensible fallecimiento del se\u00f1or Leonel Arcos Luna\u201d.<\/p>\n\n\n\n<p>Agrega: \u201cQuien ha partido de este mundo para encontrarse en los brazos de Dios y reunirse con su amado hijo Alejandro\u201d.<\/p>\n\n\n\n<p>Contin\u00faa; \u201cSu legado de amor, bondad y sabidur\u00eda perdura en el coraz\u00f3n de quienes lo conocieron y amaron. Su esposa, hijos, niestos, nueras y amigos, agradecen profundamete las muestras de cari\u00f1o, solidaridad y las oracines que han recibido en estos momentos dif\u00edciles, rogando a Dios por el eterno descanso de su alma\u201d.<\/p>\n\n\n\n<p>El se\u00f1or Leonel Arcos ten\u00eda naci\u00f3 en agosto de 1941, de acuerdo con la esquela publicada por las familias dolientes, era originario de Jaleaca de Catal\u00e1n y pese a que su hijo Alejandro tuvo una incorporaci\u00f3n a la pol\u00edtica desde muy joven, \u00e9l se manejaba con discreci\u00f3n.<\/p>\n\n\n\n<p>Tras el asesinato de su hijo, el 6 de octubre de 2024, don Leonel se mantuvo lejos de los medios de comunicaci\u00f3n.<\/p>\n\n\n\n<p>Por la discreci\u00f3n con la que manejaba su vida, no se conoc\u00eda que enfrentara problemas de salud.<\/p>\n","protected":false},"excerpt":{"rendered":"<p>&#8212; La familia inform\u00f3 el deceso del se\u00f1or Leonel Arcos Luna, en la capital de Guerrero Rogelio Agust\u00edn Esteban La madrugada de este lunes falleci\u00f3 el se\u00f1or Leonel Arcos Luna,&hellip; <\/p>\n","protected":false},"author":21,"featured_media":86310,"comment_status":"open","ping_status":"open","sticky":false,"template":"","format":"standard","meta":{"fifu_image_url":"","fifu_image_alt":"","footnotes":""},"categories":[13],"tags":[],"class_list":["post-86309","post","type-post","status-publish","format-standard","has-post-thumbnail","hentry","category-capital"],"_links":{"self":[{"href":"https:\/\/www.interaccionnoticias.com.mx\/index.php?rest_route=\/wp\/v2\/posts\/86309","targetHints":{"allow":["GET"]}}],"collection":[{"href":"https:\/\/www.interaccionnoticias.com.mx\/index.php?rest_route=\/wp\/v2\/posts"}],"about":[{"href":"https:\/\/www.interaccionnoticias.com.mx\/index.php?rest_route=\/wp\/v2\/types\/post"}],"author":[{"embeddable":true,"href":"https:\/\/www.interaccionnoticias.com.mx\/index.php?rest_route=\/wp\/v2\/users\/21"}],"replies":[{"embeddable":true,"href":"https:\/\/www.interaccionnoticias.com.mx\/index.php?rest_route=%2Fwp%2Fv2%2Fcomments&post=86309"}],"version-history":[{"count":2,"href":"https:\/\/www.interaccionnoticias.com.mx\/index.php?rest_route=\/wp\/v2\/posts\/86309\/revisions"}],"predecessor-version":[{"id":86313,"href":"https:\/\/www.interaccionnoticias.com.mx\/index.php?rest_route=\/wp\/v2\/posts\/86309\/revisions\/86313"}],"wp:featuredmedia":[{"embeddable":true,"href":"https:\/\/www.interaccionnoticias.com.mx\/index.php?rest_route=\/wp\/v2\/media\/86310"}],"wp:attachment":[{"href":"https:\/\/www.interaccionnoticias.com.mx\/index.php?rest_route=%2Fwp%2Fv2%2Fmedia&parent=86309"}],"wp:term":[{"taxonomy":"category","embeddable":true,"href":"https:\/\/www.interaccionnoticias.com.mx\/index.php?rest_route=%2Fwp%2Fv2%2Fcategories&post=86309"},{"taxonomy":"post_tag","embeddable":true,"href":"https:\/\/www.interaccionnoticias.com.mx\/index.php?rest_route=%2Fwp%2Fv2%2Ftags&post=86309"}],"curies":[{"name":"wp","href":"https:\/\/api.w.org\/{rel}","templated":true}]}}