{"id":86302,"date":"2025-01-13T13:20:24","date_gmt":"2025-01-13T19:20:24","guid":{"rendered":"https:\/\/www.interaccionnoticias.com.mx\/?p=86302"},"modified":"2025-01-13T13:22:30","modified_gmt":"2025-01-13T19:22:30","slug":"familiares-de-victimas-protestan","status":"publish","type":"post","link":"https:\/\/www.interaccionnoticias.com.mx\/?p=86302","title":{"rendered":"Familiares de v\u00edctimas protestan para exigir el pago de apoyos para canasta b\u00e1sica"},"content":{"rendered":"\n<p><em><strong>&#8212; Aseguran que les adeuda el gobierno estatal lo equivalente a cinco meses<br>&#8212; Exigen la destituci\u00f3n de la titular del Ceav y asignaci\u00f3n de funcionarios efectivos en la soluci\u00f3n de demandas<\/strong><\/em><\/p>\n\n\n\n<p><strong>Rosario Garc\u00eda Orozco<\/strong><\/p>\n\n\n\n<p>Familiares de v\u00edctimas de desaparici\u00f3n forzada, pertenecientes a tres organizaciones de todo el estado, protestaron en el acceso principal al Recinto Oficial del Poder Ejecutivo del Estado de Guerrero (Ropeg), para exigir el pago de cinco meses de los apoyos para canasta b\u00e1sica que se les adeuda.<\/p>\n\n\n\n<p>Norma Adriana Gardu\u00f1o Salazar, integrante del Centro de V\u00edctimas de Violencia \u201cMinerva Bello\u201d, denunci\u00f3 el incumplimiento por parte de la Comisi\u00f3n Ejecutiva de Atenci\u00f3n a V\u00edctimas (Ceav), porque les deben dos meses del 2023 y 3 meses del 2024, del apoyo que el gobierno del estado est\u00e1 obligado a entregar a los familiares de v\u00edctimas de desaparici\u00f3n forzada.<\/p>\n\n\n\n<p>Recordaron que esos recursos fueron etiquetados para ese fin, por lo que no hay raz\u00f3n para que no se les entregue de manera puntual, sobre todo porque se trata del apoyo para la alimentaci\u00f3n de las familias afectada por ese delito.<\/p>\n\n\n\n<p>\u201cEso es muy grave porque casi siempre las personas desaparecidas eran e sustento de las familias afectadas\u201d, por lo que insisti\u00f3 en que el gobierno estatal debe cumplir con ese compromiso.<\/p>\n\n\n\n<p>Se trata incluso de un \u201cmaltrato institucional\u201d por parte de la autoridad, y se quej\u00f3 porque \u201cmientras los funcionarios de fueron de vacaciones con sus quincenas y aguinaldos, aqu\u00ed las familia no tienen ni para un kilo de huevo\u201d.<\/p>\n\n\n\n<p>Dijo que los y las integrantes de las organizaciones de familiares de desaparecidos piden la destituci\u00f3n de la titular del Ceav, Enedina Medrano Serrano, porque no resuelve las demandas de los afectados por ese delito.<\/p>\n\n\n\n<p>\u201cEstamos muy cansadas de reuniones y declaraciones, lo que queremos es el cumplimiento del pago que nos adeudan, sin rollos ni discursos, solo el cumplimiento puntual de lo que corresponde a las v\u00edctimas\u201d, as\u00ed como la designaci\u00f3n de funcionarios competentes.<\/p>\n\n\n\n<p>Adriana Gardu\u00f1o mencion\u00f3 que en Guerrero hay un registro de por lo menos 4 mil desaparecidos y sus familias deben ser apoyadas por el gobierno del estado a raz\u00f3n de dos mil pesos mensuales, recurso que no les ha llegado.<\/p>\n\n\n\n<p>En la protesta participaron integrantes de las organizaciones Colectivo de familiares en b\u00fasqueda \u201cMar\u00eda Herrera\u201d, del Colectivo Independiente de Iguala y del Centro de V\u00edctimas de Violencia \u201cMinerva Bello\u201d.<\/p>\n\n\n\n<div class=\"wp-block-jetpack-slideshow aligncenter\" data-effect=\"slide\"><div class=\"wp-block-jetpack-slideshow_container swiper-container\"><ul class=\"wp-block-jetpack-slideshow_swiper-wrapper swiper-wrapper\"><li class=\"wp-block-jetpack-slideshow_slide swiper-slide\"><figure><img decoding=\"async\" src=\"data:image\/gif;base64,R0lGODlhAQABAIAAAAAAAP\/\/\/ywAAAAAAQABAAACAUwAOw==\" fifu-lazy=\"1\" fifu-data-sizes=\"auto\" fifu-data-srcset=\"https:\/\/i2.wp.com\/www.interaccionnoticias.com.mx\/wp-content\/uploads\/2025\/01\/250113-Familiares-victimas-protestan-1-1024x683.jpg?ssl=1&w=75&resize=75&ssl=1 75w, https:\/\/i2.wp.com\/www.interaccionnoticias.com.mx\/wp-content\/uploads\/2025\/01\/250113-Familiares-victimas-protestan-1-1024x683.jpg?ssl=1&w=100&resize=100&ssl=1 100w, https:\/\/i2.wp.com\/www.interaccionnoticias.com.mx\/wp-content\/uploads\/2025\/01\/250113-Familiares-victimas-protestan-1-1024x683.jpg?ssl=1&w=150&resize=150&ssl=1 150w, https:\/\/i2.wp.com\/www.interaccionnoticias.com.mx\/wp-content\/uploads\/2025\/01\/250113-Familiares-victimas-protestan-1-1024x683.jpg?ssl=1&w=240&resize=240&ssl=1 240w, https:\/\/i2.wp.com\/www.interaccionnoticias.com.mx\/wp-content\/uploads\/2025\/01\/250113-Familiares-victimas-protestan-1-1024x683.jpg?ssl=1&w=320&resize=320&ssl=1 320w, https:\/\/i2.wp.com\/www.interaccionnoticias.com.mx\/wp-content\/uploads\/2025\/01\/250113-Familiares-victimas-protestan-1-1024x683.jpg?ssl=1&w=500&resize=500&ssl=1 500w, https:\/\/i2.wp.com\/www.interaccionnoticias.com.mx\/wp-content\/uploads\/2025\/01\/250113-Familiares-victimas-protestan-1-1024x683.jpg?ssl=1&w=640&resize=640&ssl=1 640w, https:\/\/i2.wp.com\/www.interaccionnoticias.com.mx\/wp-content\/uploads\/2025\/01\/250113-Familiares-victimas-protestan-1-1024x683.jpg?ssl=1&w=800&resize=800&ssl=1 800w, https:\/\/i2.wp.com\/www.interaccionnoticias.com.mx\/wp-content\/uploads\/2025\/01\/250113-Familiares-victimas-protestan-1-1024x683.jpg?ssl=1&w=1024&resize=1024&ssl=1 1024w, https:\/\/i2.wp.com\/www.interaccionnoticias.com.mx\/wp-content\/uploads\/2025\/01\/250113-Familiares-victimas-protestan-1-1024x683.jpg?ssl=1&w=1280&resize=1280&ssl=1 1280w, https:\/\/i2.wp.com\/www.interaccionnoticias.com.mx\/wp-content\/uploads\/2025\/01\/250113-Familiares-victimas-protestan-1-1024x683.jpg?ssl=1&w=1600&resize=1600&ssl=1 1600w\" alt=\"\" class=\"wp-block-jetpack-slideshow_image wp-image-86303\" data-id=\"86303\" fifu-data-src=\"https:\/\/i2.wp.com\/www.interaccionnoticias.com.mx\/wp-content\/uploads\/2025\/01\/250113-Familiares-victimas-protestan-1-1024x683.jpg?ssl=1\"\/><\/figure><\/li><li class=\"wp-block-jetpack-slideshow_slide swiper-slide\"><figure><img decoding=\"async\" src=\"data:image\/gif;base64,R0lGODlhAQABAIAAAAAAAP\/\/\/ywAAAAAAQABAAACAUwAOw==\" fifu-lazy=\"1\" fifu-data-sizes=\"auto\" fifu-data-srcset=\"https:\/\/i1.wp.com\/www.interaccionnoticias.com.mx\/wp-content\/uploads\/2025\/01\/250113-Familiares-victimas-protestan-2-1024x683.jpg?ssl=1&w=75&resize=75&ssl=1 75w, https:\/\/i1.wp.com\/www.interaccionnoticias.com.mx\/wp-content\/uploads\/2025\/01\/250113-Familiares-victimas-protestan-2-1024x683.jpg?ssl=1&w=100&resize=100&ssl=1 100w, https:\/\/i1.wp.com\/www.interaccionnoticias.com.mx\/wp-content\/uploads\/2025\/01\/250113-Familiares-victimas-protestan-2-1024x683.jpg?ssl=1&w=150&resize=150&ssl=1 150w, https:\/\/i1.wp.com\/www.interaccionnoticias.com.mx\/wp-content\/uploads\/2025\/01\/250113-Familiares-victimas-protestan-2-1024x683.jpg?ssl=1&w=240&resize=240&ssl=1 240w, https:\/\/i1.wp.com\/www.interaccionnoticias.com.mx\/wp-content\/uploads\/2025\/01\/250113-Familiares-victimas-protestan-2-1024x683.jpg?ssl=1&w=320&resize=320&ssl=1 320w, https:\/\/i1.wp.com\/www.interaccionnoticias.com.mx\/wp-content\/uploads\/2025\/01\/250113-Familiares-victimas-protestan-2-1024x683.jpg?ssl=1&w=500&resize=500&ssl=1 500w, https:\/\/i1.wp.com\/www.interaccionnoticias.com.mx\/wp-content\/uploads\/2025\/01\/250113-Familiares-victimas-protestan-2-1024x683.jpg?ssl=1&w=640&resize=640&ssl=1 640w, https:\/\/i1.wp.com\/www.interaccionnoticias.com.mx\/wp-content\/uploads\/2025\/01\/250113-Familiares-victimas-protestan-2-1024x683.jpg?ssl=1&w=800&resize=800&ssl=1 800w, https:\/\/i1.wp.com\/www.interaccionnoticias.com.mx\/wp-content\/uploads\/2025\/01\/250113-Familiares-victimas-protestan-2-1024x683.jpg?ssl=1&w=1024&resize=1024&ssl=1 1024w, https:\/\/i1.wp.com\/www.interaccionnoticias.com.mx\/wp-content\/uploads\/2025\/01\/250113-Familiares-victimas-protestan-2-1024x683.jpg?ssl=1&w=1280&resize=1280&ssl=1 1280w, https:\/\/i1.wp.com\/www.interaccionnoticias.com.mx\/wp-content\/uploads\/2025\/01\/250113-Familiares-victimas-protestan-2-1024x683.jpg?ssl=1&w=1600&resize=1600&ssl=1 1600w\" alt=\"\" class=\"wp-block-jetpack-slideshow_image wp-image-86304\" data-id=\"86304\" fifu-data-src=\"https:\/\/i1.wp.com\/www.interaccionnoticias.com.mx\/wp-content\/uploads\/2025\/01\/250113-Familiares-victimas-protestan-2-1024x683.jpg?ssl=1\"\/><\/figure><\/li><li class=\"wp-block-jetpack-slideshow_slide swiper-slide\"><figure><img decoding=\"async\" src=\"data:image\/gif;base64,R0lGODlhAQABAIAAAAAAAP\/\/\/ywAAAAAAQABAAACAUwAOw==\" fifu-lazy=\"1\" fifu-data-sizes=\"auto\" fifu-data-srcset=\"https:\/\/i3.wp.com\/www.interaccionnoticias.com.mx\/wp-content\/uploads\/2025\/01\/250113-Familiares-victimas-protestan-3-1024x683.jpg?ssl=1&w=75&resize=75&ssl=1 75w, https:\/\/i3.wp.com\/www.interaccionnoticias.com.mx\/wp-content\/uploads\/2025\/01\/250113-Familiares-victimas-protestan-3-1024x683.jpg?ssl=1&w=100&resize=100&ssl=1 100w, https:\/\/i3.wp.com\/www.interaccionnoticias.com.mx\/wp-content\/uploads\/2025\/01\/250113-Familiares-victimas-protestan-3-1024x683.jpg?ssl=1&w=150&resize=150&ssl=1 150w, https:\/\/i3.wp.com\/www.interaccionnoticias.com.mx\/wp-content\/uploads\/2025\/01\/250113-Familiares-victimas-protestan-3-1024x683.jpg?ssl=1&w=240&resize=240&ssl=1 240w, https:\/\/i3.wp.com\/www.interaccionnoticias.com.mx\/wp-content\/uploads\/2025\/01\/250113-Familiares-victimas-protestan-3-1024x683.jpg?ssl=1&w=320&resize=320&ssl=1 320w, https:\/\/i3.wp.com\/www.interaccionnoticias.com.mx\/wp-content\/uploads\/2025\/01\/250113-Familiares-victimas-protestan-3-1024x683.jpg?ssl=1&w=500&resize=500&ssl=1 500w, https:\/\/i3.wp.com\/www.interaccionnoticias.com.mx\/wp-content\/uploads\/2025\/01\/250113-Familiares-victimas-protestan-3-1024x683.jpg?ssl=1&w=640&resize=640&ssl=1 640w, https:\/\/i3.wp.com\/www.interaccionnoticias.com.mx\/wp-content\/uploads\/2025\/01\/250113-Familiares-victimas-protestan-3-1024x683.jpg?ssl=1&w=800&resize=800&ssl=1 800w, https:\/\/i3.wp.com\/www.interaccionnoticias.com.mx\/wp-content\/uploads\/2025\/01\/250113-Familiares-victimas-protestan-3-1024x683.jpg?ssl=1&w=1024&resize=1024&ssl=1 1024w, https:\/\/i3.wp.com\/www.interaccionnoticias.com.mx\/wp-content\/uploads\/2025\/01\/250113-Familiares-victimas-protestan-3-1024x683.jpg?ssl=1&w=1280&resize=1280&ssl=1 1280w, https:\/\/i3.wp.com\/www.interaccionnoticias.com.mx\/wp-content\/uploads\/2025\/01\/250113-Familiares-victimas-protestan-3-1024x683.jpg?ssl=1&w=1600&resize=1600&ssl=1 1600w\" alt=\"\" class=\"wp-block-jetpack-slideshow_image wp-image-86305\" data-id=\"86305\" fifu-data-src=\"https:\/\/i3.wp.com\/www.interaccionnoticias.com.mx\/wp-content\/uploads\/2025\/01\/250113-Familiares-victimas-protestan-3-1024x683.jpg?ssl=1\"\/><\/figure><\/li><\/ul><a class=\"wp-block-jetpack-slideshow_button-prev swiper-button-prev swiper-button-white\" role=\"button\"><\/a><a class=\"wp-block-jetpack-slideshow_button-next swiper-button-next swiper-button-white\" role=\"button\"><\/a><a aria-label=\"Pause Slideshow\" class=\"wp-block-jetpack-slideshow_button-pause\" role=\"button\"><\/a><div class=\"wp-block-jetpack-slideshow_pagination swiper-pagination swiper-pagination-white\"><\/div><\/div><\/div>\n","protected":false},"excerpt":{"rendered":"<p>&#8212; Aseguran que les adeuda el gobierno estatal lo equivalente a cinco meses&#8212; Exigen la destituci\u00f3n de la titular del Ceav y asignaci\u00f3n de funcionarios efectivos en la soluci\u00f3n de&hellip; <\/p>\n","protected":false},"author":14,"featured_media":86305,"comment_status":"open","ping_status":"open","sticky":false,"template":"","format":"standard","meta":{"fifu_image_url":"","fifu_image_alt":"","footnotes":""},"categories":[15],"tags":[],"class_list":["post-86302","post","type-post","status-publish","format-standard","has-post-thumbnail","hentry","category-movimientos-sociales"],"_links":{"self":[{"href":"https:\/\/www.interaccionnoticias.com.mx\/index.php?rest_route=\/wp\/v2\/posts\/86302","targetHints":{"allow":["GET"]}}],"collection":[{"href":"https:\/\/www.interaccionnoticias.com.mx\/index.php?rest_route=\/wp\/v2\/posts"}],"about":[{"href":"https:\/\/www.interaccionnoticias.com.mx\/index.php?rest_route=\/wp\/v2\/types\/post"}],"author":[{"embeddable":true,"href":"https:\/\/www.interaccionnoticias.com.mx\/index.php?rest_route=\/wp\/v2\/users\/14"}],"replies":[{"embeddable":true,"href":"https:\/\/www.interaccionnoticias.com.mx\/index.php?rest_route=%2Fwp%2Fv2%2Fcomments&post=86302"}],"version-history":[{"count":2,"href":"https:\/\/www.interaccionnoticias.com.mx\/index.php?rest_route=\/wp\/v2\/posts\/86302\/revisions"}],"predecessor-version":[{"id":86307,"href":"https:\/\/www.interaccionnoticias.com.mx\/index.php?rest_route=\/wp\/v2\/posts\/86302\/revisions\/86307"}],"wp:featuredmedia":[{"embeddable":true,"href":"https:\/\/www.interaccionnoticias.com.mx\/index.php?rest_route=\/wp\/v2\/media\/86305"}],"wp:attachment":[{"href":"https:\/\/www.interaccionnoticias.com.mx\/index.php?rest_route=%2Fwp%2Fv2%2Fmedia&parent=86302"}],"wp:term":[{"taxonomy":"category","embeddable":true,"href":"https:\/\/www.interaccionnoticias.com.mx\/index.php?rest_route=%2Fwp%2Fv2%2Fcategories&post=86302"},{"taxonomy":"post_tag","embeddable":true,"href":"https:\/\/www.interaccionnoticias.com.mx\/index.php?rest_route=%2Fwp%2Fv2%2Ftags&post=86302"}],"curies":[{"name":"wp","href":"https:\/\/api.w.org\/{rel}","templated":true}]}}