{"id":86285,"date":"2025-01-12T18:30:00","date_gmt":"2025-01-13T00:30:00","guid":{"rendered":"https:\/\/www.interaccionnoticias.com.mx\/?p=86285"},"modified":"2025-01-12T20:30:48","modified_gmt":"2025-01-13T02:30:48","slug":"pide-la-croc-a-diputados-locales-analizar-la-reforma-a-la-ley-de-infonavit","status":"publish","type":"post","link":"https:\/\/www.interaccionnoticias.com.mx\/?p=86285","title":{"rendered":"Pide la Croc a diputados locales analizar la reforma a la Ley de Infonavit"},"content":{"rendered":"\n<p><strong><em>&#8212; El dirigente estatal de esa organizaci\u00f3n asegur\u00f3 que dichas modificaciones violan los derechos laborales internacionales<\/em><\/strong><\/p>\n\n\n\n<p><strong>Rosario Garc\u00eda Orozco<\/strong><\/p>\n\n\n\n<p>La Confederaci\u00f3n Revolucionaria de Obreros y Campesinos (Croc), urgi\u00f3 una mesa de trabajo con los legisladores federales por Guerrero, para analizar junto con ellos varios puntos de la reforma a la Ley del Intituto del Fondo Nacional de la Vivienda para los Trabajadores (Infonavit).<\/p>\n\n\n\n<p>Martiniano Maldonado Fierros, secretario general de la CROC en Guerrero, consider\u00f3 necesario revisar la iniciativa de reforma porque hay puntos que impactan de manera negativa en los derechos de los trabajadores.<\/p>\n\n\n\n<p>En opini\u00f3n del l\u00edder sindical, el que se le descuente al empleado, el 30 por ciento de su salario para el pago del arrendamiento social, es decir, para que tenga acceso a una vivienda, \u00abla reforma, va en contra de los derechos del trabajador, la decisi\u00f3n se contrapone con los tratados internacionales\u00bb, y se contrapone a lo mandatario por la Organizaci\u00f3n Internacional del Trabajo (OIT).<\/p>\n\n\n\n<p>Adem\u00e1s de que ese porcentaje es superior al tope del descuento establecido en el art\u00edculo 97, fracci\u00f3n III de la Ley Federal del Trabajo, que permite hasta el 20 por ciento del descuento, para la adquisici\u00f3n, construcci\u00f3n, reparaci\u00f3n, ampliaci\u00f3n o mejoras a la vivienda, explic\u00f3 Maldonado Fierros.<\/p>\n\n\n\n<p>En el art\u00edculo 147, fracci\u00f3n II de dicha reforma tambi\u00e9n se pretende incluir a la totalidad de personas trabajadoras y no solo a los derechohabientes, al acceso al beneficio de la vivienda, es decir, hasta quienes no cotizan ante el Infonavit.<\/p>\n\n\n\n<p>Martiniano Maldonado se quej\u00f3 porque adem\u00e1s, la reforma pretende reducir la representaci\u00f3n del trabajador en la Asamblea General y en el Congreso de Administraci\u00f3n de Infonavit, y con ello, la posibilidad de desaparecer cualquier proceso de rendici\u00f3n de cuentas, situaci\u00f3n que tambi\u00e9n est\u00e1 en contra de los derechos nacionales e internacionales de los trabajadores.<\/p>\n\n\n\n<p>El dirigente estatal de la Croc agreg\u00f3 que la nueva Ley General del INFONAVIT, pretende otorgarle facultades al director general del mismo, para que pueda disponer a su creterio, de las cuotas de los agremiados, lo que dejar\u00eda m\u00e1s vulnerables a los derechohabientes.<\/p>\n\n\n\n<p>Explic\u00f3 que es importante que los legisladores federales conozcan m\u00e1s sobre lo que pretenden aprobar y la afectaci\u00f3n que generar\u00e1 a la planta laboral afiliada al Infonavit, por lo que hicieron llegar un oficio a los nueve legisladores federales por Guerrero, para que abanderen las inconformidades de los derechohabientes.<\/p>\n","protected":false},"excerpt":{"rendered":"<p>&#8212; El dirigente estatal de esa organizaci\u00f3n asegur\u00f3 que dichas modificaciones violan los derechos laborales internacionales Rosario Garc\u00eda Orozco La Confederaci\u00f3n Revolucionaria de Obreros y Campesinos (Croc), urgi\u00f3 una mesa&hellip; <\/p>\n","protected":false},"author":14,"featured_media":86286,"comment_status":"open","ping_status":"open","sticky":false,"template":"","format":"standard","meta":{"fifu_image_url":"","fifu_image_alt":"","footnotes":""},"categories":[11],"tags":[],"class_list":["post-86285","post","type-post","status-publish","format-standard","has-post-thumbnail","hentry","category-guerrero"],"_links":{"self":[{"href":"https:\/\/www.interaccionnoticias.com.mx\/index.php?rest_route=\/wp\/v2\/posts\/86285","targetHints":{"allow":["GET"]}}],"collection":[{"href":"https:\/\/www.interaccionnoticias.com.mx\/index.php?rest_route=\/wp\/v2\/posts"}],"about":[{"href":"https:\/\/www.interaccionnoticias.com.mx\/index.php?rest_route=\/wp\/v2\/types\/post"}],"author":[{"embeddable":true,"href":"https:\/\/www.interaccionnoticias.com.mx\/index.php?rest_route=\/wp\/v2\/users\/14"}],"replies":[{"embeddable":true,"href":"https:\/\/www.interaccionnoticias.com.mx\/index.php?rest_route=%2Fwp%2Fv2%2Fcomments&post=86285"}],"version-history":[{"count":1,"href":"https:\/\/www.interaccionnoticias.com.mx\/index.php?rest_route=\/wp\/v2\/posts\/86285\/revisions"}],"predecessor-version":[{"id":86287,"href":"https:\/\/www.interaccionnoticias.com.mx\/index.php?rest_route=\/wp\/v2\/posts\/86285\/revisions\/86287"}],"wp:featuredmedia":[{"embeddable":true,"href":"https:\/\/www.interaccionnoticias.com.mx\/index.php?rest_route=\/wp\/v2\/media\/86286"}],"wp:attachment":[{"href":"https:\/\/www.interaccionnoticias.com.mx\/index.php?rest_route=%2Fwp%2Fv2%2Fmedia&parent=86285"}],"wp:term":[{"taxonomy":"category","embeddable":true,"href":"https:\/\/www.interaccionnoticias.com.mx\/index.php?rest_route=%2Fwp%2Fv2%2Fcategories&post=86285"},{"taxonomy":"post_tag","embeddable":true,"href":"https:\/\/www.interaccionnoticias.com.mx\/index.php?rest_route=%2Fwp%2Fv2%2Ftags&post=86285"}],"curies":[{"name":"wp","href":"https:\/\/api.w.org\/{rel}","templated":true}]}}