{"id":86278,"date":"2025-01-12T16:13:03","date_gmt":"2025-01-12T22:13:03","guid":{"rendered":"https:\/\/www.interaccionnoticias.com.mx\/?p=86278"},"modified":"2025-01-12T16:15:03","modified_gmt":"2025-01-12T22:15:03","slug":"asesoria-juridica-gratuita-a-los-guerrerenses-detenidos-o-deportados","status":"publish","type":"post","link":"https:\/\/www.interaccionnoticias.com.mx\/?p=86278","title":{"rendered":"Se proporcionar\u00e1 asesor\u00eda jur\u00eddica gratuita a los guerrerenses que sean detenidos o deportados de Estados Unidos"},"content":{"rendered":"\n<p><strong><em>&#8212; La Secretaria del Migrante de Guerrero se coordina con la Secretar\u00eda de Relaciones Exteriores para apoyar a los connacionales, ante la pol\u00edtica migratoria impulsada por Donald Trump<br>&#8212; Silvia Rivera record\u00f3 que en la primer administraci\u00f3n de Trump tambi\u00e9n advirti\u00f3 que habr\u00eda deportaciones masivas de ilegales y fue el presidente Barack Obama quien deport\u00f3 a m\u00e1s mexicanos<\/em><\/strong><\/p>\n\n\n\n<p><strong>Rosario Garc\u00eda Orozco<\/strong><\/p>\n\n\n\n<p>El gobierno de Guerrero brindar\u00e1 asesor\u00eda jur\u00eddica y proyectos productivos a guerrerenses que residen de manera ilegal en Estados Unidos, y sean detenidos o deportados, debido al endurecimiento de la pol\u00edtica migratoria que anunci\u00f3 el presidente electo de ese pa\u00eds, Donald Trump.<\/p>\n\n\n\n<p>As\u00ed lo inform\u00f3 la secretaria del Migrante y Asuntos Internacionales, Silvia Rivera Carbajal, quien mencion\u00f3 que durante la administraci\u00f3n del presidente Barack Obama hubo m\u00e1s deportaciones de mexicanos que en la primer administraci\u00f3n del presidente Donal Trump.<\/p>\n\n\n\n<p>De acuerdo a la estimaci\u00f3n de la Secretar\u00eda de Relaciones Exteriores son cerca de 900 mil los guerrerenses que se encuentran en Estados Unidos de manera ilegal, que no cuentan ni siquiera con la c\u00e9dula consular, externo la titular de esa Secretar\u00eda.<\/p>\n\n\n\n<p>Mencion\u00f3 que la gobernadora Evelyn Salgado Pineda le pidi\u00f3 a esa dependencia que apoye a los guerrerenses que sean deportados, \u00abpor lo que estamos armando un equipo de abogados, y se elabora un manual para orientar a los guerrerenses, que sepan qu\u00e9 deben hacer en dado momento que los detengan o los deporten, cu\u00e1l va a ser su mecanismo de seguridad, c\u00f3mo deben contestar y a qu\u00e9 instancia deben acudir\u00bb.<\/p>\n\n\n\n<p>En ese manual tambi\u00e9n se les facilitar\u00e1n los n\u00fameros de tel\u00e9fono a los que los paisanos guerrerenses pueden marcar para recibir mayor informaci\u00f3n y poder ayudarlos, para lo cual tambi\u00e9n hay una coordinaci\u00f3n estrecha con la Secretar\u00eda de Relaciones Exteriores de M\u00e9xico, expres\u00f3 Rivera Carbajal.<\/p>\n\n\n\n<p>Adelant\u00f3 que en unos d\u00edas acudir\u00e1 a las ciudades norteamericanas en las que hay mayor concentraci\u00f3n de guerrerenses, como son Chicago y California para conocer la situaci\u00f3n en la que se encuentran los paisanos que est\u00e1n en ese pa\u00eds en calidad de ilegales.<\/p>\n\n\n\n<p>En ese recorrido por algunas ciudades del pa\u00eds vecino, dijo, se va a reunir con dirigentes de organizaciones de guerrerenses para llevarles la informaci\u00f3n y materiales para que a su vez los puedan compartir con sus agremiados y se les asesore en dado caso que lo requieran.<\/p>\n\n\n\n<p>Agreg\u00f3 tambi\u00e9n que la presidenta de la Rep\u00fablica, Claudia Sheinbaum Pardo, se ha reunido con todos los c\u00f3nsules, para capacitarlos y sepan cu\u00e1l va a ser la mec\u00e1nica para apoyar a los mexicanos radicados en ese pa\u00eds, que se encuentran en riesgo de ser deportados.<\/p>\n\n\n\n<p>La Secretar\u00eda del Migrante record\u00f3 que la primer ocasi\u00f3n que fue presidente de Estados Unidos Donald Trump anunci\u00f3, de la misma manera que ahora, que su pol\u00edtica migratoria ser\u00eda estricta, \u00abpero Barack Obama, que nunca dijo nada, fue el que m\u00e1s deportaciones tuvo\u00bb.<\/p>\n\n\n\n<p>Sostuvo que en el presupuesto que el Congreso del Estado aprob\u00f3 para el ejercicio del 2025, se consider\u00f3 un fondo para proyectos productivos en beneficio de guerrerenses deportados.<\/p>\n\n\n\n<p>Coment\u00f3 que el 23 y 24 de enero viajar\u00e1 a Tijuana, la frontera con Estados Unidos, para visitar los albergues en donde se encuentran las personas deportadas, \u00aby es que Guerrero ocupa el segundo lugar de personas que se encuentran en albergues de esa ciudad\u00bb, y saber como se les puede apoyar para que regresen a su ciudad.<\/p>\n\n\n\n<p>En 2024 se registraron m\u00e1s de 10 mil personas deportadas originarias de varios estados del pa\u00eds, de los cuales cerca de mil 400 fueron guerrerenses, enfatiz\u00f3 la funcionaria estatal.<\/p>\n\n\n\n<p>Extern\u00f3 que la Secretar\u00eda a su cargo cuenta con un Programa que se llama \u00abRegresa a casa\u00bb, a trav\u00e9s del cual se apoya a los guerrerenses deportados con recursos econ\u00f3micos para que desde Tijuana regresen a sus lugares de origen, y se les entrega proyectos productivos para que tengan en que autoemplearse.<\/p>\n","protected":false},"excerpt":{"rendered":"<p>&#8212; La Secretaria del Migrante de Guerrero se coordina con la Secretar\u00eda de Relaciones Exteriores para apoyar a los connacionales, ante la pol\u00edtica migratoria impulsada por Donald Trump&#8212; Silvia Rivera&hellip; <\/p>\n","protected":false},"author":14,"featured_media":86279,"comment_status":"open","ping_status":"open","sticky":false,"template":"","format":"standard","meta":{"fifu_image_url":"","fifu_image_alt":"","footnotes":""},"categories":[11],"tags":[],"class_list":["post-86278","post","type-post","status-publish","format-standard","has-post-thumbnail","hentry","category-guerrero"],"_links":{"self":[{"href":"https:\/\/www.interaccionnoticias.com.mx\/index.php?rest_route=\/wp\/v2\/posts\/86278","targetHints":{"allow":["GET"]}}],"collection":[{"href":"https:\/\/www.interaccionnoticias.com.mx\/index.php?rest_route=\/wp\/v2\/posts"}],"about":[{"href":"https:\/\/www.interaccionnoticias.com.mx\/index.php?rest_route=\/wp\/v2\/types\/post"}],"author":[{"embeddable":true,"href":"https:\/\/www.interaccionnoticias.com.mx\/index.php?rest_route=\/wp\/v2\/users\/14"}],"replies":[{"embeddable":true,"href":"https:\/\/www.interaccionnoticias.com.mx\/index.php?rest_route=%2Fwp%2Fv2%2Fcomments&post=86278"}],"version-history":[{"count":2,"href":"https:\/\/www.interaccionnoticias.com.mx\/index.php?rest_route=\/wp\/v2\/posts\/86278\/revisions"}],"predecessor-version":[{"id":86281,"href":"https:\/\/www.interaccionnoticias.com.mx\/index.php?rest_route=\/wp\/v2\/posts\/86278\/revisions\/86281"}],"wp:featuredmedia":[{"embeddable":true,"href":"https:\/\/www.interaccionnoticias.com.mx\/index.php?rest_route=\/wp\/v2\/media\/86279"}],"wp:attachment":[{"href":"https:\/\/www.interaccionnoticias.com.mx\/index.php?rest_route=%2Fwp%2Fv2%2Fmedia&parent=86278"}],"wp:term":[{"taxonomy":"category","embeddable":true,"href":"https:\/\/www.interaccionnoticias.com.mx\/index.php?rest_route=%2Fwp%2Fv2%2Fcategories&post=86278"},{"taxonomy":"post_tag","embeddable":true,"href":"https:\/\/www.interaccionnoticias.com.mx\/index.php?rest_route=%2Fwp%2Fv2%2Ftags&post=86278"}],"curies":[{"name":"wp","href":"https:\/\/api.w.org\/{rel}","templated":true}]}}