{"id":8623,"date":"2017-09-28T10:39:03","date_gmt":"2017-09-28T15:39:03","guid":{"rendered":"http:\/\/www.inter-accion.com.mx\/?p=8623"},"modified":"2017-09-28T10:39:03","modified_gmt":"2017-09-28T15:39:03","slug":"atacan-comandancia-del-fusdeg","status":"publish","type":"post","link":"https:\/\/www.interaccionnoticias.com.mx\/?p=8623","title":{"rendered":"ATACAN COMANDANCIA DEL FUSDEG"},"content":{"rendered":"<p><strong><img loading=\"lazy\" decoding=\"async\" src=\"data:image\/gif;base64,R0lGODlhAQABAIAAAAAAAP\/\/\/ywAAAAAAQABAAACAUwAOw==\" fifu-lazy=\"1\" fifu-data-sizes=\"auto\" fifu-data-srcset=\"https:\/\/i2.wp.com\/www.inter-accion.com.mx\/wp-content\/uploads\/2017\/09\/22117999_10214339320699410_1842413275_o.jpg?ssl=1&w=75&resize=75&ssl=1 75w, https:\/\/i2.wp.com\/www.inter-accion.com.mx\/wp-content\/uploads\/2017\/09\/22117999_10214339320699410_1842413275_o.jpg?ssl=1&w=100&resize=100&ssl=1 100w, https:\/\/i2.wp.com\/www.inter-accion.com.mx\/wp-content\/uploads\/2017\/09\/22117999_10214339320699410_1842413275_o.jpg?ssl=1&w=150&resize=150&ssl=1 150w, https:\/\/i2.wp.com\/www.inter-accion.com.mx\/wp-content\/uploads\/2017\/09\/22117999_10214339320699410_1842413275_o.jpg?ssl=1&w=240&resize=240&ssl=1 240w, https:\/\/i2.wp.com\/www.inter-accion.com.mx\/wp-content\/uploads\/2017\/09\/22117999_10214339320699410_1842413275_o.jpg?ssl=1&w=320&resize=320&ssl=1 320w, https:\/\/i2.wp.com\/www.inter-accion.com.mx\/wp-content\/uploads\/2017\/09\/22117999_10214339320699410_1842413275_o.jpg?ssl=1&w=500&resize=500&ssl=1 500w, https:\/\/i2.wp.com\/www.inter-accion.com.mx\/wp-content\/uploads\/2017\/09\/22117999_10214339320699410_1842413275_o.jpg?ssl=1&w=640&resize=640&ssl=1 640w, https:\/\/i2.wp.com\/www.inter-accion.com.mx\/wp-content\/uploads\/2017\/09\/22117999_10214339320699410_1842413275_o.jpg?ssl=1&w=800&resize=800&ssl=1 800w, https:\/\/i2.wp.com\/www.inter-accion.com.mx\/wp-content\/uploads\/2017\/09\/22117999_10214339320699410_1842413275_o.jpg?ssl=1&w=1024&resize=1024&ssl=1 1024w, https:\/\/i2.wp.com\/www.inter-accion.com.mx\/wp-content\/uploads\/2017\/09\/22117999_10214339320699410_1842413275_o.jpg?ssl=1&w=1280&resize=1280&ssl=1 1280w, https:\/\/i2.wp.com\/www.inter-accion.com.mx\/wp-content\/uploads\/2017\/09\/22117999_10214339320699410_1842413275_o.jpg?ssl=1&w=1600&resize=1600&ssl=1 1600w\" class=\"alignnone size-full wp-image-8625\" fifu-data-src=\"https:\/\/i2.wp.com\/www.inter-accion.com.mx\/wp-content\/uploads\/2017\/09\/22117999_10214339320699410_1842413275_o.jpg?ssl=1\" alt=\"\" width=\"1080\" height=\"720\">Acapulco, Gro.-<\/strong> Hombres armados atacan con arma de alto poder y granadas la comandancia del Frente Unido por la Seguridad en el estado de Guerrero, con un comandante muerto.<br \/>\nLos hechos ocurrieron aproximadamente a las 03:45 horas cuando desde dos veh\u00edculos dispararon en m\u00faltiples ocasiones y arrojaron al menos una granada, quedando muerto uno de los mandos del FUSDEG.<br \/>\nLa agresion se suscit\u00f3 sobre la carretera federal Acapulco-M\u00e9xico, en el municipio de Tierra Colorada hasta donde acudieron soldados del Ej\u00e9rcito Mexicano y de la Polic\u00eda Estatal.<\/p>\n","protected":false},"excerpt":{"rendered":"<p>Acapulco, Gro.- Hombres armados atacan con arma de alto poder y granadas la comandancia del Frente Unido por la Seguridad en el estado de Guerrero, con un comandante muerto. Los&hellip; <\/p>\n","protected":false},"author":1,"featured_media":0,"comment_status":"closed","ping_status":"closed","sticky":false,"template":"","format":"standard","meta":{"fifu_image_url":"","fifu_image_alt":"","footnotes":""},"categories":[8,27],"tags":[],"class_list":["post-8623","post","type-post","status-publish","format-standard","hentry","category-featured","category-seguridad-publica"],"_links":{"self":[{"href":"https:\/\/www.interaccionnoticias.com.mx\/index.php?rest_route=\/wp\/v2\/posts\/8623","targetHints":{"allow":["GET"]}}],"collection":[{"href":"https:\/\/www.interaccionnoticias.com.mx\/index.php?rest_route=\/wp\/v2\/posts"}],"about":[{"href":"https:\/\/www.interaccionnoticias.com.mx\/index.php?rest_route=\/wp\/v2\/types\/post"}],"author":[{"embeddable":true,"href":"https:\/\/www.interaccionnoticias.com.mx\/index.php?rest_route=\/wp\/v2\/users\/1"}],"replies":[{"embeddable":true,"href":"https:\/\/www.interaccionnoticias.com.mx\/index.php?rest_route=%2Fwp%2Fv2%2Fcomments&post=8623"}],"version-history":[{"count":0,"href":"https:\/\/www.interaccionnoticias.com.mx\/index.php?rest_route=\/wp\/v2\/posts\/8623\/revisions"}],"wp:attachment":[{"href":"https:\/\/www.interaccionnoticias.com.mx\/index.php?rest_route=%2Fwp%2Fv2%2Fmedia&parent=8623"}],"wp:term":[{"taxonomy":"category","embeddable":true,"href":"https:\/\/www.interaccionnoticias.com.mx\/index.php?rest_route=%2Fwp%2Fv2%2Fcategories&post=8623"},{"taxonomy":"post_tag","embeddable":true,"href":"https:\/\/www.interaccionnoticias.com.mx\/index.php?rest_route=%2Fwp%2Fv2%2Ftags&post=8623"}],"curies":[{"name":"wp","href":"https:\/\/api.w.org\/{rel}","templated":true}]}}