{"id":86155,"date":"2025-01-08T18:51:29","date_gmt":"2025-01-09T00:51:29","guid":{"rendered":"https:\/\/www.interaccionnoticias.com.mx\/?p=86155"},"modified":"2025-01-08T19:50:54","modified_gmt":"2025-01-09T01:50:54","slug":"cientos-de-migrantes-indigenas-se-encuentra-en-la-incertidumbre","status":"publish","type":"post","link":"https:\/\/www.interaccionnoticias.com.mx\/?p=86155","title":{"rendered":"Cientos de migrantes ind\u00edgenas se encuentra en la incertidumbre, ante el nuevo gobierno de Estados Unidos"},"content":{"rendered":"\n<p><strong><em>&#8212; Tlachinollan alert\u00f3 que ind\u00edgenas de la regi\u00f3n de La Monta\u00f1a viven con temor por la pol\u00edtica migratoria de ese pa\u00eds<\/em><\/strong><\/p>\n\n\n\n<p><strong>Rosario Garc\u00eda Orozco<\/strong><\/p>\n\n\n\n<p>El Centro de Derechos Humanos de La Monta;a (Tlachinollan) asegura que cientos de migrantes ind\u00edgenas enfrentan incentidumbre permanente de una posible deportaci\u00f3n, debido al recrudecimiento de la pol\u00edtica migratoria del presidente electo de Estados Unidos, Donald Trump, quien tomar\u00e1 protesta el pr\u00f3ximo 20 de enero.<\/p>\n\n\n\n<p>En un comunicado publicado en su p\u00e1gina oficial, y sin dar a conocer cifras, Tlachinollan alert\u00f3 que los ind\u00edgenas de los municipios de La Monta\u00f1a, que se encuentran en zonas como en Chicago, Atlanta, Virginia y Nueva York, viven con el temor permanente frente a las nuevas pol\u00edticas que anunci\u00f3 el presidente electo de Estados Unidos contra los indocumentados.<\/p>\n\n\n\n<p>El documento refiere que los ordenamientos contra los indocumentados no toman en cuenta que trabajadores de ese pa\u00eds como los guerrerenses desde la madrugada, en medio del fr\u00edo, comienzan con la larga jornada laboral, en grandes construcciones o en los campos agr\u00edcolas, para obtener un salario y poder sostener a sus familias que se queda de \u00abeste lado\u00bb.<\/p>\n\n\n\n<p>\u00abA pesar de tanto sufrimiento y agotamiento f\u00edsico, los j\u00f3venes prefieren estas jornadas, porque consideran que el d\u00f3lar les permite ahorrar un poco para enviarlo a sus familias, que son las remesas que resuelven las necesidades m\u00e1s urgentes\u00bb, se lee en la publicaci\u00f3n.<\/p>\n\n\n\n<p>Dicha organizaci\u00f3n de Derechos Humanos, lament\u00f3 que lo m\u00e1s cr\u00edtico es que a\u00fan \u00abcon sus grandes esfuerzos las nuevas generaciones de migrantes no tienen mejores condiciones de vida, y s\u00f3lo pasan a formar parte de la amplia franja de las familias pobres de Estados Unidos\u00bb.<\/p>\n\n\n\n<p>Se menciona que el \u00fanico sue\u00f1o para el ind\u00edgena guerrerense, es \u00abganarse algunos d\u00f3lares\u00bb, porque no cuentan con garant\u00edas para acceder a una buena educaci\u00f3n\u00bb, debido a los altos costos, y por la discriminaci\u00f3n por parte de la sociedad estadounidense.<\/p>\n\n\n\n<p>Por esa raz\u00f3n, la red consular de M\u00e9xico en Estados Unidos ha organizado foros en aqu\u00e9l pa\u00eds, para saber qu\u00e9 hacer y a qu\u00e9 instancias recurrir, ante una inminente deportaci\u00f3n.<\/p>\n\n\n\n<p>Para ello, los consulados de M\u00e9xico y otros pa\u00edses se han preparado con abogados para asesorar a quienes lleguen a ser detenidos, en ese territorio.<\/p>\n","protected":false},"excerpt":{"rendered":"<p>&#8212; Tlachinollan alert\u00f3 que ind\u00edgenas de la regi\u00f3n de La Monta\u00f1a viven con temor por la pol\u00edtica migratoria de ese pa\u00eds Rosario Garc\u00eda Orozco El Centro de Derechos Humanos de&hellip; <\/p>\n","protected":false},"author":14,"featured_media":86156,"comment_status":"open","ping_status":"open","sticky":false,"template":"","format":"standard","meta":{"fifu_image_url":"","fifu_image_alt":"","footnotes":""},"categories":[11],"tags":[],"class_list":["post-86155","post","type-post","status-publish","format-standard","has-post-thumbnail","hentry","category-guerrero"],"_links":{"self":[{"href":"https:\/\/www.interaccionnoticias.com.mx\/index.php?rest_route=\/wp\/v2\/posts\/86155","targetHints":{"allow":["GET"]}}],"collection":[{"href":"https:\/\/www.interaccionnoticias.com.mx\/index.php?rest_route=\/wp\/v2\/posts"}],"about":[{"href":"https:\/\/www.interaccionnoticias.com.mx\/index.php?rest_route=\/wp\/v2\/types\/post"}],"author":[{"embeddable":true,"href":"https:\/\/www.interaccionnoticias.com.mx\/index.php?rest_route=\/wp\/v2\/users\/14"}],"replies":[{"embeddable":true,"href":"https:\/\/www.interaccionnoticias.com.mx\/index.php?rest_route=%2Fwp%2Fv2%2Fcomments&post=86155"}],"version-history":[{"count":2,"href":"https:\/\/www.interaccionnoticias.com.mx\/index.php?rest_route=\/wp\/v2\/posts\/86155\/revisions"}],"predecessor-version":[{"id":86172,"href":"https:\/\/www.interaccionnoticias.com.mx\/index.php?rest_route=\/wp\/v2\/posts\/86155\/revisions\/86172"}],"wp:featuredmedia":[{"embeddable":true,"href":"https:\/\/www.interaccionnoticias.com.mx\/index.php?rest_route=\/wp\/v2\/media\/86156"}],"wp:attachment":[{"href":"https:\/\/www.interaccionnoticias.com.mx\/index.php?rest_route=%2Fwp%2Fv2%2Fmedia&parent=86155"}],"wp:term":[{"taxonomy":"category","embeddable":true,"href":"https:\/\/www.interaccionnoticias.com.mx\/index.php?rest_route=%2Fwp%2Fv2%2Fcategories&post=86155"},{"taxonomy":"post_tag","embeddable":true,"href":"https:\/\/www.interaccionnoticias.com.mx\/index.php?rest_route=%2Fwp%2Fv2%2Ftags&post=86155"}],"curies":[{"name":"wp","href":"https:\/\/api.w.org\/{rel}","templated":true}]}}