{"id":86138,"date":"2025-01-08T14:23:57","date_gmt":"2025-01-08T20:23:57","guid":{"rendered":"https:\/\/www.interaccionnoticias.com.mx\/?p=86138"},"modified":"2025-01-08T14:29:22","modified_gmt":"2025-01-08T20:29:22","slug":"prematuro-hablar-sobre-las-iniciativas-contra-la-reeleccion-y-el-nepotismo-dice-lider-del-congreso-de-guerrero","status":"publish","type":"post","link":"https:\/\/www.interaccionnoticias.com.mx\/?p=86138","title":{"rendered":"\u201cPrematuro, hablar sobre las iniciativas contra la reelecci\u00f3n y el nepotismo\u201d, dice l\u00edder del Congreso de Guerrero"},"content":{"rendered":"\n<p><em><strong>&#8212; Jes\u00fas Uriostegui Garc\u00eda recuerda que las propuestas no se han enviado al Congreso de la Uni\u00f3n, aunque ya se plantearon en varias conferencias matutinas<\/strong><\/em><\/p>\n\n\n\n<p><strong>Rogelio Agust\u00edn<\/strong><\/p>\n\n\n\n<p>El presidente de la Junta de Coordinaci\u00f3n Pol\u00edtica (JUCOPO) del Congreso de Guerrero, Jes\u00fas Uriostegui Garc\u00eda consider\u00f3 prematuro emitir un posicionamiento respecto a las iniciativas de ley que la presidenta de la Republica, Claudia Sheinbaum Pardo enviar\u00e1 en materia de no reelecci\u00f3n y contra el nepotismo.<\/p>\n\n\n\n<p>En las instalaciones del Poder Legislativo de Guerrero, Uri\u00f3stegui Garc\u00eda record\u00f3 que las reformas impulsadas a nivel federal y respaldadas por los congresos locales, han sido analizadas a detalle, de tal suerte que en ninguno de los casos se ha actuado \u201cbajo consigna\u201d.<\/p>\n\n\n\n<p>Record\u00f3 que tan hay puntos de vista diferentes en torno a las iniciativas que tienen su origen en el Ejecutivo Federal, que hay grupos parlamentarios que las han votado en contra.<\/p>\n\n\n\n<p>Por esa raz\u00f3n, al tratarse de temas como la no reelecci\u00f3n inmediata y el tema del nepotismo, el coordinador del Grupo Parlamentario de MORENA indic\u00f3: \u201cVamos a ver en qu\u00e9 condiciones vienen, son temas que primero se analizan en el nivel federal y luego pasan al visto bueno de los estados\u201d.<\/p>\n\n\n\n<p>Record\u00f3 que como parte del movimiento que representa la Cuarta Transformaci\u00f3n, \u00e9l ha respaldado las iniciativas de la hoy presidenta de la Republica, pero nunca se ha dejado de ir a la revisi\u00f3n.<\/p>\n\n\n\n<p>Por eso, como hasta el momento los temas de referencia se han planteado en algunas conferencias matutinas, el l\u00edder del Congreso de Guerrero insisti\u00f3 en que por ahora \u201cser\u00eda prematuro hablar de ello, vamos a esperar a tener clara la inicitiva para luego dialogarlo\u201d.<\/p>\n\n\n\n<p>Record\u00f3 que las decisiones en los grupos parlamentarios, en este caso el de MORENA son objeto de an\u00e1lisis y discusi\u00f3n colectiva, para salir en la medida de lo posible con posicionamientos de consenso.<\/p>\n\n\n\n<p>A pregunta expresa, descart\u00f3 que haya una dedicatoria personal hacia las aspiraciones del senador F\u00e9lix Salgado Macedonio, de quien es p\u00fablico su deseo de ser gobernador de Guerrero.<\/p>\n\n\n\n<p>Record\u00f3 que las iniciativas de ley son de inter\u00e9s general y no llevan la intenci\u00f3n de afectar o beneficiar a una persona en espec\u00edfico.<\/p>\n","protected":false},"excerpt":{"rendered":"<p>&#8212; Jes\u00fas Uriostegui Garc\u00eda recuerda que las propuestas no se han enviado al Congreso de la Uni\u00f3n, aunque ya se plantearon en varias conferencias matutinas Rogelio Agust\u00edn El presidente de&hellip; <\/p>\n","protected":false},"author":21,"featured_media":86139,"comment_status":"open","ping_status":"open","sticky":false,"template":"","format":"standard","meta":{"fifu_image_url":"","fifu_image_alt":"","footnotes":""},"categories":[2],"tags":[],"class_list":["post-86138","post","type-post","status-publish","format-standard","has-post-thumbnail","hentry","category-congreso"],"_links":{"self":[{"href":"https:\/\/www.interaccionnoticias.com.mx\/index.php?rest_route=\/wp\/v2\/posts\/86138","targetHints":{"allow":["GET"]}}],"collection":[{"href":"https:\/\/www.interaccionnoticias.com.mx\/index.php?rest_route=\/wp\/v2\/posts"}],"about":[{"href":"https:\/\/www.interaccionnoticias.com.mx\/index.php?rest_route=\/wp\/v2\/types\/post"}],"author":[{"embeddable":true,"href":"https:\/\/www.interaccionnoticias.com.mx\/index.php?rest_route=\/wp\/v2\/users\/21"}],"replies":[{"embeddable":true,"href":"https:\/\/www.interaccionnoticias.com.mx\/index.php?rest_route=%2Fwp%2Fv2%2Fcomments&post=86138"}],"version-history":[{"count":2,"href":"https:\/\/www.interaccionnoticias.com.mx\/index.php?rest_route=\/wp\/v2\/posts\/86138\/revisions"}],"predecessor-version":[{"id":86142,"href":"https:\/\/www.interaccionnoticias.com.mx\/index.php?rest_route=\/wp\/v2\/posts\/86138\/revisions\/86142"}],"wp:featuredmedia":[{"embeddable":true,"href":"https:\/\/www.interaccionnoticias.com.mx\/index.php?rest_route=\/wp\/v2\/media\/86139"}],"wp:attachment":[{"href":"https:\/\/www.interaccionnoticias.com.mx\/index.php?rest_route=%2Fwp%2Fv2%2Fmedia&parent=86138"}],"wp:term":[{"taxonomy":"category","embeddable":true,"href":"https:\/\/www.interaccionnoticias.com.mx\/index.php?rest_route=%2Fwp%2Fv2%2Fcategories&post=86138"},{"taxonomy":"post_tag","embeddable":true,"href":"https:\/\/www.interaccionnoticias.com.mx\/index.php?rest_route=%2Fwp%2Fv2%2Ftags&post=86138"}],"curies":[{"name":"wp","href":"https:\/\/api.w.org\/{rel}","templated":true}]}}