{"id":86134,"date":"2025-01-07T18:07:00","date_gmt":"2025-01-08T00:07:00","guid":{"rendered":"https:\/\/www.interaccionnoticias.com.mx\/?p=86134"},"modified":"2025-01-07T21:29:06","modified_gmt":"2025-01-08T03:29:06","slug":"desaparece-mujer-en-tlalquetzalapa-municipio-de-copanatoyac","status":"publish","type":"post","link":"https:\/\/www.interaccionnoticias.com.mx\/?p=86134","title":{"rendered":"Desaparece mujer en Tlalquetzalapa, municipio de Copanatoyac"},"content":{"rendered":"\n<p><strong><em>&#8212; Mariana Vargas Ram\u00edrez de 23 a\u00f1os de edad fue vista por \u00faltima vez el 1 de enero de este a\u00f1o<\/em><\/strong><\/p>\n\n\n\n<p><strong>Yasm\u00edn Garc\u00eda<\/strong><\/p>\n\n\n\n<p>Familiares de Mariana Vargas Ram\u00edrez de 23 a\u00f1os de edad, pidieron el apoyo de la poblaci\u00f3n para localizarla desapareci\u00f3 el 1 de enero de 2025 en Tlaquetzalapa municipio de Copanatoyac.<\/p>\n\n\n\n<p>Este martes las autoridades activaron la Alerta Violeta en la que se detalla que Mariana Vargas es de complexi\u00f3n regular, tez moreno claro, de estatura 1.58 m., cabello lacio de color negro y ojos color caf\u00e9 oscuro.<\/p>\n\n\n\n<p>Como se\u00f1as particulares tiene una cicatriz en la ceja izquierda, la \u00faltima vez que se le vio vest\u00eda blusa blanca con estampado, short color beige, y calzaba sandalias color caf\u00e9.<\/p>\n\n\n\n<div class=\"wp-block-jetpack-slideshow aligncenter\" data-effect=\"slide\"><div class=\"wp-block-jetpack-slideshow_container swiper-container\"><ul class=\"wp-block-jetpack-slideshow_swiper-wrapper swiper-wrapper\"><li class=\"wp-block-jetpack-slideshow_slide swiper-slide\"><figure><img decoding=\"async\" src=\"data:image\/gif;base64,R0lGODlhAQABAIAAAAAAAP\/\/\/ywAAAAAAQABAAACAUwAOw==\" fifu-lazy=\"1\" fifu-data-sizes=\"auto\" fifu-data-srcset=\"https:\/\/i3.wp.com\/www.interaccionnoticias.com.mx\/wp-content\/uploads\/2025\/01\/250107-Mariana-Vargas-Ramirez.jpg?ssl=1&w=75&resize=75&ssl=1 75w, https:\/\/i3.wp.com\/www.interaccionnoticias.com.mx\/wp-content\/uploads\/2025\/01\/250107-Mariana-Vargas-Ramirez.jpg?ssl=1&w=100&resize=100&ssl=1 100w, https:\/\/i3.wp.com\/www.interaccionnoticias.com.mx\/wp-content\/uploads\/2025\/01\/250107-Mariana-Vargas-Ramirez.jpg?ssl=1&w=150&resize=150&ssl=1 150w, https:\/\/i3.wp.com\/www.interaccionnoticias.com.mx\/wp-content\/uploads\/2025\/01\/250107-Mariana-Vargas-Ramirez.jpg?ssl=1&w=240&resize=240&ssl=1 240w, https:\/\/i3.wp.com\/www.interaccionnoticias.com.mx\/wp-content\/uploads\/2025\/01\/250107-Mariana-Vargas-Ramirez.jpg?ssl=1&w=320&resize=320&ssl=1 320w, https:\/\/i3.wp.com\/www.interaccionnoticias.com.mx\/wp-content\/uploads\/2025\/01\/250107-Mariana-Vargas-Ramirez.jpg?ssl=1&w=500&resize=500&ssl=1 500w, https:\/\/i3.wp.com\/www.interaccionnoticias.com.mx\/wp-content\/uploads\/2025\/01\/250107-Mariana-Vargas-Ramirez.jpg?ssl=1&w=640&resize=640&ssl=1 640w, https:\/\/i3.wp.com\/www.interaccionnoticias.com.mx\/wp-content\/uploads\/2025\/01\/250107-Mariana-Vargas-Ramirez.jpg?ssl=1&w=800&resize=800&ssl=1 800w, https:\/\/i3.wp.com\/www.interaccionnoticias.com.mx\/wp-content\/uploads\/2025\/01\/250107-Mariana-Vargas-Ramirez.jpg?ssl=1&w=1024&resize=1024&ssl=1 1024w, https:\/\/i3.wp.com\/www.interaccionnoticias.com.mx\/wp-content\/uploads\/2025\/01\/250107-Mariana-Vargas-Ramirez.jpg?ssl=1&w=1280&resize=1280&ssl=1 1280w, https:\/\/i3.wp.com\/www.interaccionnoticias.com.mx\/wp-content\/uploads\/2025\/01\/250107-Mariana-Vargas-Ramirez.jpg?ssl=1&w=1600&resize=1600&ssl=1 1600w\" alt=\"\" class=\"wp-block-jetpack-slideshow_image wp-image-86135\" data-id=\"86135\" fifu-data-src=\"https:\/\/i3.wp.com\/www.interaccionnoticias.com.mx\/wp-content\/uploads\/2025\/01\/250107-Mariana-Vargas-Ramirez.jpg?ssl=1\"\/><\/figure><\/li><\/ul><a class=\"wp-block-jetpack-slideshow_button-prev swiper-button-prev swiper-button-white\" role=\"button\"><\/a><a class=\"wp-block-jetpack-slideshow_button-next swiper-button-next swiper-button-white\" role=\"button\"><\/a><a aria-label=\"Pause Slideshow\" class=\"wp-block-jetpack-slideshow_button-pause\" role=\"button\"><\/a><div class=\"wp-block-jetpack-slideshow_pagination swiper-pagination swiper-pagination-white\"><\/div><\/div><\/div>\n","protected":false},"excerpt":{"rendered":"<p>&#8212; Mariana Vargas Ram\u00edrez de 23 a\u00f1os de edad fue vista por \u00faltima vez el 1 de enero de este a\u00f1o Yasm\u00edn Garc\u00eda Familiares de Mariana Vargas Ram\u00edrez de 23&hellip; <\/p>\n","protected":false},"author":32,"featured_media":86136,"comment_status":"open","ping_status":"open","sticky":false,"template":"","format":"standard","meta":{"fifu_image_url":"","fifu_image_alt":"","footnotes":""},"categories":[247],"tags":[],"class_list":["post-86134","post","type-post","status-publish","format-standard","has-post-thumbnail","hentry","category-lo-has-visto"],"_links":{"self":[{"href":"https:\/\/www.interaccionnoticias.com.mx\/index.php?rest_route=\/wp\/v2\/posts\/86134","targetHints":{"allow":["GET"]}}],"collection":[{"href":"https:\/\/www.interaccionnoticias.com.mx\/index.php?rest_route=\/wp\/v2\/posts"}],"about":[{"href":"https:\/\/www.interaccionnoticias.com.mx\/index.php?rest_route=\/wp\/v2\/types\/post"}],"author":[{"embeddable":true,"href":"https:\/\/www.interaccionnoticias.com.mx\/index.php?rest_route=\/wp\/v2\/users\/32"}],"replies":[{"embeddable":true,"href":"https:\/\/www.interaccionnoticias.com.mx\/index.php?rest_route=%2Fwp%2Fv2%2Fcomments&post=86134"}],"version-history":[{"count":1,"href":"https:\/\/www.interaccionnoticias.com.mx\/index.php?rest_route=\/wp\/v2\/posts\/86134\/revisions"}],"predecessor-version":[{"id":86137,"href":"https:\/\/www.interaccionnoticias.com.mx\/index.php?rest_route=\/wp\/v2\/posts\/86134\/revisions\/86137"}],"wp:featuredmedia":[{"embeddable":true,"href":"https:\/\/www.interaccionnoticias.com.mx\/index.php?rest_route=\/wp\/v2\/media\/86136"}],"wp:attachment":[{"href":"https:\/\/www.interaccionnoticias.com.mx\/index.php?rest_route=%2Fwp%2Fv2%2Fmedia&parent=86134"}],"wp:term":[{"taxonomy":"category","embeddable":true,"href":"https:\/\/www.interaccionnoticias.com.mx\/index.php?rest_route=%2Fwp%2Fv2%2Fcategories&post=86134"},{"taxonomy":"post_tag","embeddable":true,"href":"https:\/\/www.interaccionnoticias.com.mx\/index.php?rest_route=%2Fwp%2Fv2%2Ftags&post=86134"}],"curies":[{"name":"wp","href":"https:\/\/api.w.org\/{rel}","templated":true}]}}