{"id":86094,"date":"2025-01-07T13:21:05","date_gmt":"2025-01-07T19:21:05","guid":{"rendered":"https:\/\/www.interaccionnoticias.com.mx\/?p=86094"},"modified":"2025-01-07T13:21:08","modified_gmt":"2025-01-07T19:21:08","slug":"vecinos-de-la-colonia-21-de-septiembre-toman-las-oficinas-de-capach","status":"publish","type":"post","link":"https:\/\/www.interaccionnoticias.com.mx\/?p=86094","title":{"rendered":"Vecinos de la colonia 21 de septiembre toman las oficinas de CAPACH"},"content":{"rendered":"\n<p><strong><em>&#8212; Denuncian que desde hace seis meses no cuentan con el suministro de agua en sus hogares<\/em><\/strong><\/p>\n\n\n\n<p><strong>Jes\u00fas Dorantes<\/strong><\/p>\n\n\n\n<p><strong>Chilpancingo, Gro.- <\/strong>Vecinos de la colonia 21 de septiembre tomaron las instalaciones de la Comisi\u00f3n de Agua Potable y Alcantarillado para Chilpancingo (CAPACH), en protesta por la falta de suministro de agua potable durante seis meses.<\/p>\n\n\n\n<p>Un grupo de 20 vecinos de la referida colonia se instalaron en el acceso principal de las oficinas de la CAPACH, ubicadas en el barrio de San Mateo, para denunciar que ante la falta del servicio han tenido que comprar pipas de agua para satisfacer sus necesidades b\u00e1sicas.<\/p>\n\n\n\n<p>La presidenta del Comit\u00e9 de Desarrollo de dicha colonia, Amada Mendoza Valdivia, se\u00f1al\u00f3 que es un injusto que las autoridades no proporcionen el servicio de agua potable, pero a\u00fan as\u00ed tengan que pagar por \u00e9l.<\/p>\n\n\n\n<p>Minutos despu\u00e9s de las oficinas de la CAPACH, el director del organismo, Javier N\u00e1jera se comprometi\u00f3 a abrir las v\u00e1lvulas de agua para dicho asentamiento humano, colonia, pero les advirti\u00f3 que si se detectan fallas en el sistema, se cerrar\u00e1n nuevamente.<\/p>\n\n\n\n<p>Indic\u00f3 que la falla geol\u00f3gica en la zona norponiente ha afectado la red de distribuci\u00f3n, lo que puede impedir que se mantenga abierto el sistema de distribuci\u00f3n, por lo que fue retirada la protesta.<\/p>\n","protected":false},"excerpt":{"rendered":"<p>&#8212; Denuncian que desde hace seis meses no cuentan con el suministro de agua en sus hogares Jes\u00fas Dorantes Chilpancingo, Gro.- Vecinos de la colonia 21 de septiembre tomaron las&hellip; <\/p>\n","protected":false},"author":8,"featured_media":86095,"comment_status":"open","ping_status":"open","sticky":false,"template":"","format":"standard","meta":{"fifu_image_url":"","fifu_image_alt":"","footnotes":""},"categories":[13],"tags":[],"class_list":["post-86094","post","type-post","status-publish","format-standard","has-post-thumbnail","hentry","category-capital"],"_links":{"self":[{"href":"https:\/\/www.interaccionnoticias.com.mx\/index.php?rest_route=\/wp\/v2\/posts\/86094","targetHints":{"allow":["GET"]}}],"collection":[{"href":"https:\/\/www.interaccionnoticias.com.mx\/index.php?rest_route=\/wp\/v2\/posts"}],"about":[{"href":"https:\/\/www.interaccionnoticias.com.mx\/index.php?rest_route=\/wp\/v2\/types\/post"}],"author":[{"embeddable":true,"href":"https:\/\/www.interaccionnoticias.com.mx\/index.php?rest_route=\/wp\/v2\/users\/8"}],"replies":[{"embeddable":true,"href":"https:\/\/www.interaccionnoticias.com.mx\/index.php?rest_route=%2Fwp%2Fv2%2Fcomments&post=86094"}],"version-history":[{"count":1,"href":"https:\/\/www.interaccionnoticias.com.mx\/index.php?rest_route=\/wp\/v2\/posts\/86094\/revisions"}],"predecessor-version":[{"id":86096,"href":"https:\/\/www.interaccionnoticias.com.mx\/index.php?rest_route=\/wp\/v2\/posts\/86094\/revisions\/86096"}],"wp:featuredmedia":[{"embeddable":true,"href":"https:\/\/www.interaccionnoticias.com.mx\/index.php?rest_route=\/wp\/v2\/media\/86095"}],"wp:attachment":[{"href":"https:\/\/www.interaccionnoticias.com.mx\/index.php?rest_route=%2Fwp%2Fv2%2Fmedia&parent=86094"}],"wp:term":[{"taxonomy":"category","embeddable":true,"href":"https:\/\/www.interaccionnoticias.com.mx\/index.php?rest_route=%2Fwp%2Fv2%2Fcategories&post=86094"},{"taxonomy":"post_tag","embeddable":true,"href":"https:\/\/www.interaccionnoticias.com.mx\/index.php?rest_route=%2Fwp%2Fv2%2Ftags&post=86094"}],"curies":[{"name":"wp","href":"https:\/\/api.w.org\/{rel}","templated":true}]}}