{"id":86083,"date":"2025-01-07T13:07:24","date_gmt":"2025-01-07T19:07:24","guid":{"rendered":"https:\/\/www.interaccionnoticias.com.mx\/?p=86083"},"modified":"2025-01-07T13:18:41","modified_gmt":"2025-01-07T19:18:41","slug":"exige-organizacion-a-las-autoridades-detener-a-los-autores-intelectuales","status":"publish","type":"post","link":"https:\/\/www.interaccionnoticias.com.mx\/?p=86083","title":{"rendered":"Exige Organizaci\u00f3n a las autoridades detener a los autores intelectuales de la ejecuci\u00f3n de Jonathan Cort\u00e9s"},"content":{"rendered":"\n<p><em><strong>&#8212; El cuerpo de Jonathan Cort\u00e9s fue hallado a 200 metros de donde fue visto por \u00faltima vez el 30 de diciembre del 2024, en calle Melchor Ocampo, colonia Amado Nervo, Cruz Grande<\/strong><\/em><\/p>\n\n\n\n<p><strong>Yasm\u00edn Garc\u00eda<\/strong><\/p>\n\n\n\n<p>La Organizaci\u00f3n Red Solidaria D\u00e9cada Contra la Impunidad (RSDCIAC), confirm\u00f3 que Jonathan Cort\u00e9s Gallardo, sobrino del defensor de derechos humanos y sobreveviviente de la masacre de el Charco, Efren Cort\u00e9s Ch\u00e1vez, fue localizado sin vida.<\/p>\n\n\n\n<p>El cuerpo de Jonathan Cort\u00e9s fue hallado a 200 metros de donde fue visto por \u00faltima vez el 30 de diciembre del 2024, en calle Melchor Ocampo, colonia Amado Nervo, Cruz Grande.<\/p>\n\n\n\n<p>La RSDCIAC, exigi\u00f3 a las autoridades que los autores intelectuales y materiales de la desaparici\u00f3n forzada y ejecuci\u00f3n extrajudicial de Jonathan Cort\u00e9s sean localizados y procesados conforme a derecho.<\/p>\n\n\n\n<p>\u00abConminamos a que la investigaci\u00f3n de este caso sea, exhaustiva, transparente pronta e imparcial, apegada a derecho, y que los resultados de la investigaci\u00f3n sean p\u00fablicos, que los responsables intelectuales y materiales de esos hechos comparezcan ante la justicia\u00bb, exigi\u00f3 en un comunicado a RSDCIAC.<\/p>\n\n\n\n<p>La Organizaci\u00f3n responsabilizo al gobierno en sus tres niveles de la vida, la integridad f\u00edsica y psicol\u00f3gica de la familia de Jonathan, de Efr\u00e9n Cortes y su familia.<\/p>\n\n\n\n<p>Solicit\u00f3 a la Fiscal\u00eda General del Estado (FGE) que el cuerpo de Jonathan Cort\u00e9s sea entregado a la brevedad, para evitar m\u00e1s sufrimiento a la familia.<\/p>\n","protected":false},"excerpt":{"rendered":"<p>&#8212; El cuerpo de Jonathan Cort\u00e9s fue hallado a 200 metros de donde fue visto por \u00faltima vez el 30 de diciembre del 2024, en calle Melchor Ocampo, colonia Amado&hellip; <\/p>\n","protected":false},"author":32,"featured_media":86084,"comment_status":"open","ping_status":"open","sticky":false,"template":"","format":"standard","meta":{"fifu_image_url":"","fifu_image_alt":"","footnotes":""},"categories":[15],"tags":[],"class_list":["post-86083","post","type-post","status-publish","format-standard","has-post-thumbnail","hentry","category-movimientos-sociales"],"_links":{"self":[{"href":"https:\/\/www.interaccionnoticias.com.mx\/index.php?rest_route=\/wp\/v2\/posts\/86083","targetHints":{"allow":["GET"]}}],"collection":[{"href":"https:\/\/www.interaccionnoticias.com.mx\/index.php?rest_route=\/wp\/v2\/posts"}],"about":[{"href":"https:\/\/www.interaccionnoticias.com.mx\/index.php?rest_route=\/wp\/v2\/types\/post"}],"author":[{"embeddable":true,"href":"https:\/\/www.interaccionnoticias.com.mx\/index.php?rest_route=\/wp\/v2\/users\/32"}],"replies":[{"embeddable":true,"href":"https:\/\/www.interaccionnoticias.com.mx\/index.php?rest_route=%2Fwp%2Fv2%2Fcomments&post=86083"}],"version-history":[{"count":2,"href":"https:\/\/www.interaccionnoticias.com.mx\/index.php?rest_route=\/wp\/v2\/posts\/86083\/revisions"}],"predecessor-version":[{"id":86093,"href":"https:\/\/www.interaccionnoticias.com.mx\/index.php?rest_route=\/wp\/v2\/posts\/86083\/revisions\/86093"}],"wp:featuredmedia":[{"embeddable":true,"href":"https:\/\/www.interaccionnoticias.com.mx\/index.php?rest_route=\/wp\/v2\/media\/86084"}],"wp:attachment":[{"href":"https:\/\/www.interaccionnoticias.com.mx\/index.php?rest_route=%2Fwp%2Fv2%2Fmedia&parent=86083"}],"wp:term":[{"taxonomy":"category","embeddable":true,"href":"https:\/\/www.interaccionnoticias.com.mx\/index.php?rest_route=%2Fwp%2Fv2%2Fcategories&post=86083"},{"taxonomy":"post_tag","embeddable":true,"href":"https:\/\/www.interaccionnoticias.com.mx\/index.php?rest_route=%2Fwp%2Fv2%2Ftags&post=86083"}],"curies":[{"name":"wp","href":"https:\/\/api.w.org\/{rel}","templated":true}]}}