{"id":86056,"date":"2025-01-06T16:27:27","date_gmt":"2025-01-06T22:27:27","guid":{"rendered":"https:\/\/www.interaccionnoticias.com.mx\/?p=86056"},"modified":"2025-01-06T16:27:54","modified_gmt":"2025-01-06T22:27:54","slug":"protesta-ceteg-por-descuentos-en-aguinaldos","status":"publish","type":"post","link":"https:\/\/www.interaccionnoticias.com.mx\/?p=86056","title":{"rendered":"Protesta CETEG por descuentos en aguinaldos"},"content":{"rendered":"\n<p><strong><em>&#8212; Toman profesores oficinas de la Subsecretar\u00eda de Administraci\u00f3n y Finanzas de la SEG<\/em><\/strong><\/p>\n\n\n\n<p><strong>Jes\u00fas Dorantes<\/strong><\/p>\n\n\n\n<p><strong>Chilpancingo, Gro.-<\/strong> Integrantes de la Coordinadora Estatal de Trabajadores de la Educaci\u00f3n Guerrero (CETEG) cerraron las oficinas se la Subsecretar\u00eda de Administraci\u00f3n y Finanzas de la Secretar\u00eda de Educaci\u00f3n Guerrero (SEG), para denunciar el descuento irregular que les realizaron en la segunda parte de su aguinaldo.<\/p>\n\n\n\n<p>La ma\u00f1ana de este lunes, un grupo de profesores cerraron las referidas oficias, d\u00f3nde el profesor Alfonso Vargas Mu\u00f1oz, representante de la Comisi\u00f3n Pol\u00edtica de la CETEG denunci\u00f3 el descuento irregular en la segunda exhibici\u00f3n del pago del aguinaldo, el cual se les cubre en dos exhibiciones durante los meses de diciembre y enero.<\/p>\n\n\n\n<p>Contrario a los a\u00f1os anteriores, Vargas Mu\u00f1oz denunci\u00f3 que en enero el pago fue incompleto y sin ning\u00fan argumento, los maestros afectados reportaron descuentos que variaron desde los dos mil hasta los 12 mil pesos, dependiendo de la clave que tengan.<\/p>\n\n\n\n<p>Los inconformes se\u00f1alaron que el pago del aguinaldo est\u00e1 exento de impuestos, por lo que calificaron el descuento como algo injusto y que afecta al menos a 600 profesores agremiados a la CETEG.<\/p>\n\n\n\n<p>Tras cerrar la oficinas tambi\u00e9n conocidas como \u201cCasa Blanca\u201d, fueron atendidos por personal de la SEG para invitar una mesa de trabajo y darles detalles del motivo de los descuentos.<\/p>\n","protected":false},"excerpt":{"rendered":"<p>&#8212; Toman profesores oficinas de la Subsecretar\u00eda de Administraci\u00f3n y Finanzas de la SEG Jes\u00fas Dorantes Chilpancingo, Gro.- Integrantes de la Coordinadora Estatal de Trabajadores de la Educaci\u00f3n Guerrero (CETEG)&hellip; <\/p>\n","protected":false},"author":8,"featured_media":86057,"comment_status":"open","ping_status":"open","sticky":false,"template":"","format":"standard","meta":{"fifu_image_url":"","fifu_image_alt":"","footnotes":""},"categories":[6],"tags":[],"class_list":["post-86056","post","type-post","status-publish","format-standard","has-post-thumbnail","hentry","category-educacion"],"_links":{"self":[{"href":"https:\/\/www.interaccionnoticias.com.mx\/index.php?rest_route=\/wp\/v2\/posts\/86056","targetHints":{"allow":["GET"]}}],"collection":[{"href":"https:\/\/www.interaccionnoticias.com.mx\/index.php?rest_route=\/wp\/v2\/posts"}],"about":[{"href":"https:\/\/www.interaccionnoticias.com.mx\/index.php?rest_route=\/wp\/v2\/types\/post"}],"author":[{"embeddable":true,"href":"https:\/\/www.interaccionnoticias.com.mx\/index.php?rest_route=\/wp\/v2\/users\/8"}],"replies":[{"embeddable":true,"href":"https:\/\/www.interaccionnoticias.com.mx\/index.php?rest_route=%2Fwp%2Fv2%2Fcomments&post=86056"}],"version-history":[{"count":2,"href":"https:\/\/www.interaccionnoticias.com.mx\/index.php?rest_route=\/wp\/v2\/posts\/86056\/revisions"}],"predecessor-version":[{"id":86059,"href":"https:\/\/www.interaccionnoticias.com.mx\/index.php?rest_route=\/wp\/v2\/posts\/86056\/revisions\/86059"}],"wp:featuredmedia":[{"embeddable":true,"href":"https:\/\/www.interaccionnoticias.com.mx\/index.php?rest_route=\/wp\/v2\/media\/86057"}],"wp:attachment":[{"href":"https:\/\/www.interaccionnoticias.com.mx\/index.php?rest_route=%2Fwp%2Fv2%2Fmedia&parent=86056"}],"wp:term":[{"taxonomy":"category","embeddable":true,"href":"https:\/\/www.interaccionnoticias.com.mx\/index.php?rest_route=%2Fwp%2Fv2%2Fcategories&post=86056"},{"taxonomy":"post_tag","embeddable":true,"href":"https:\/\/www.interaccionnoticias.com.mx\/index.php?rest_route=%2Fwp%2Fv2%2Ftags&post=86056"}],"curies":[{"name":"wp","href":"https:\/\/api.w.org\/{rel}","templated":true}]}}