{"id":86047,"date":"2025-01-06T16:19:43","date_gmt":"2025-01-06T22:19:43","guid":{"rendered":"https:\/\/www.interaccionnoticias.com.mx\/?p=86047"},"modified":"2025-01-06T16:19:45","modified_gmt":"2025-01-06T22:19:45","slug":"el-2025-es-una-nueva-oportunidad-para-guerrero-evelyn-salgado","status":"publish","type":"post","link":"https:\/\/www.interaccionnoticias.com.mx\/?p=86047","title":{"rendered":"El 2025 es una nueva oportunidad para Guerrero: Evelyn Salgado"},"content":{"rendered":"\n<p><strong><em>&#8212; Durante la temporada vacacional de fin de a\u00f1o, Guerrero tuvo una ocupaci\u00f3n tur\u00edstica del 96 por ciento<\/em><\/strong><\/p>\n\n\n\n<p><strong>Rosario Garc\u00eda Orozco<\/strong><\/p>\n\n\n\n<p>La gobernadora Evelyn Salgado Pineda consider\u00f3 que el 2025 \u00abes una nueva oportunidad y un nuevo comienzo para Guerrero\u00bb, tras un 2024 en medio de desastres por los fen\u00f3menos naturales.<\/p>\n\n\n\n<p>A pesar de ello, destac\u00f3 una ocupaci\u00f3n hotelera del 96 por ciento durante la temporada vacacional, del 16 de diciembre al 5 de enero.<\/p>\n\n\n\n<p>As\u00ed se expres\u00f3 durante su intervenci\u00f3n al encabezar el primer homenaje a la Bandera del a\u00f1o 2025, que se llev\u00f3 a cabo en la explanada del Palacio de Gobierno.<\/p>\n\n\n\n<p>\u201cEnero, es un tiempo de nuevos comienzos, de oportunidad que tenemos para redoblar todos, los esfuerzos desde las diferentes \u00e1reas e impulsar con nuevos br\u00edos un esp\u00edritu de transformar de esta administraci\u00f3n que comienza su cuarto a\u00f1o de gobierno\u00bb, dijo la mandataria estatal.<\/p>\n\n\n\n<p>Insisti\u00f3 en que ser\u00e1 un a\u00f1o de nuevas oportunidades para Guerrero, tras haber enfrentado un 2024 con desastres ocasionados por el hurac\u00e1n John, que impact\u00f3 en 75 de 85 municipios del estado, con afectaciones en tramos carreteros, vialidades y viviendas, de acuerdo con el reporte de las autoridades.<\/p>\n\n\n\n<p>Salgado Pineda tambi\u00e9n expres\u00f3: \u201cTuvimos a\u00f1os complicados; nadie dijo que llegar hasta hoy ser\u00eda f\u00e1cil, vivimos entre huracanes, pero gracias al apoyo invaluable de un pueblo solidario, fraterno y la valent\u00eda de cada familia, hemos podido salir adelante\u00bb.<\/p>\n\n\n\n<p>La gobernadora de Guerrero mencion\u00f3 que con mucho esfuerzo, \u00abrecuperamos la confianza del pueblo, sin robar logramos superar los desaf\u00edos\u00bb.<\/p>\n\n\n\n<p>Agreg\u00f3 que en este 2025 \u00abviene lo mejor para Guerero\u00bb, que es la continuidad de las obras iniciadas en el 2024 en diferentes municipios de la entidad.<\/p>\n\n\n\n<p>Del mismo modo, enfatiz\u00f3 la recuperaci\u00f3n tur\u00edstica de Guerrero durante la reciente temporada vacacional, que lleg\u00f3 al 96 por ciento, con lo que super\u00f3 las espectativas, a pesar de las afectaciones que dejaron en 2023 el hurac\u00e1n Otis y el 2024 el hurac\u00e1n John.<\/p>\n\n\n\n<div class=\"wp-block-jetpack-slideshow aligncenter\" data-effect=\"slide\"><div class=\"wp-block-jetpack-slideshow_container swiper-container\"><ul class=\"wp-block-jetpack-slideshow_swiper-wrapper swiper-wrapper\"><li class=\"wp-block-jetpack-slideshow_slide swiper-slide\"><figure><img decoding=\"async\" src=\"data:image\/gif;base64,R0lGODlhAQABAIAAAAAAAP\/\/\/ywAAAAAAQABAAACAUwAOw==\" fifu-lazy=\"1\" fifu-data-sizes=\"auto\" fifu-data-srcset=\"https:\/\/i2.wp.com\/www.interaccionnoticias.com.mx\/wp-content\/uploads\/2025\/01\/250106-Evelyn-Salgado-1-683x1024.jpg?ssl=1&w=75&resize=75&ssl=1 75w, https:\/\/i2.wp.com\/www.interaccionnoticias.com.mx\/wp-content\/uploads\/2025\/01\/250106-Evelyn-Salgado-1-683x1024.jpg?ssl=1&w=100&resize=100&ssl=1 100w, https:\/\/i2.wp.com\/www.interaccionnoticias.com.mx\/wp-content\/uploads\/2025\/01\/250106-Evelyn-Salgado-1-683x1024.jpg?ssl=1&w=150&resize=150&ssl=1 150w, https:\/\/i2.wp.com\/www.interaccionnoticias.com.mx\/wp-content\/uploads\/2025\/01\/250106-Evelyn-Salgado-1-683x1024.jpg?ssl=1&w=240&resize=240&ssl=1 240w, https:\/\/i2.wp.com\/www.interaccionnoticias.com.mx\/wp-content\/uploads\/2025\/01\/250106-Evelyn-Salgado-1-683x1024.jpg?ssl=1&w=320&resize=320&ssl=1 320w, https:\/\/i2.wp.com\/www.interaccionnoticias.com.mx\/wp-content\/uploads\/2025\/01\/250106-Evelyn-Salgado-1-683x1024.jpg?ssl=1&w=500&resize=500&ssl=1 500w, https:\/\/i2.wp.com\/www.interaccionnoticias.com.mx\/wp-content\/uploads\/2025\/01\/250106-Evelyn-Salgado-1-683x1024.jpg?ssl=1&w=640&resize=640&ssl=1 640w, https:\/\/i2.wp.com\/www.interaccionnoticias.com.mx\/wp-content\/uploads\/2025\/01\/250106-Evelyn-Salgado-1-683x1024.jpg?ssl=1&w=800&resize=800&ssl=1 800w, https:\/\/i2.wp.com\/www.interaccionnoticias.com.mx\/wp-content\/uploads\/2025\/01\/250106-Evelyn-Salgado-1-683x1024.jpg?ssl=1&w=1024&resize=1024&ssl=1 1024w, https:\/\/i2.wp.com\/www.interaccionnoticias.com.mx\/wp-content\/uploads\/2025\/01\/250106-Evelyn-Salgado-1-683x1024.jpg?ssl=1&w=1280&resize=1280&ssl=1 1280w, https:\/\/i2.wp.com\/www.interaccionnoticias.com.mx\/wp-content\/uploads\/2025\/01\/250106-Evelyn-Salgado-1-683x1024.jpg?ssl=1&w=1600&resize=1600&ssl=1 1600w\" alt=\"\" class=\"wp-block-jetpack-slideshow_image wp-image-86048\" data-id=\"86048\" fifu-data-src=\"https:\/\/i2.wp.com\/www.interaccionnoticias.com.mx\/wp-content\/uploads\/2025\/01\/250106-Evelyn-Salgado-1-683x1024.jpg?ssl=1\"\/><\/figure><\/li><li class=\"wp-block-jetpack-slideshow_slide swiper-slide\"><figure><img decoding=\"async\" src=\"data:image\/gif;base64,R0lGODlhAQABAIAAAAAAAP\/\/\/ywAAAAAAQABAAACAUwAOw==\" fifu-lazy=\"1\" fifu-data-sizes=\"auto\" fifu-data-srcset=\"https:\/\/i0.wp.com\/www.interaccionnoticias.com.mx\/wp-content\/uploads\/2025\/01\/250106-Evelyn-Salgado-2-1024x683.jpg?ssl=1&w=75&resize=75&ssl=1 75w, https:\/\/i0.wp.com\/www.interaccionnoticias.com.mx\/wp-content\/uploads\/2025\/01\/250106-Evelyn-Salgado-2-1024x683.jpg?ssl=1&w=100&resize=100&ssl=1 100w, https:\/\/i0.wp.com\/www.interaccionnoticias.com.mx\/wp-content\/uploads\/2025\/01\/250106-Evelyn-Salgado-2-1024x683.jpg?ssl=1&w=150&resize=150&ssl=1 150w, https:\/\/i0.wp.com\/www.interaccionnoticias.com.mx\/wp-content\/uploads\/2025\/01\/250106-Evelyn-Salgado-2-1024x683.jpg?ssl=1&w=240&resize=240&ssl=1 240w, https:\/\/i0.wp.com\/www.interaccionnoticias.com.mx\/wp-content\/uploads\/2025\/01\/250106-Evelyn-Salgado-2-1024x683.jpg?ssl=1&w=320&resize=320&ssl=1 320w, https:\/\/i0.wp.com\/www.interaccionnoticias.com.mx\/wp-content\/uploads\/2025\/01\/250106-Evelyn-Salgado-2-1024x683.jpg?ssl=1&w=500&resize=500&ssl=1 500w, https:\/\/i0.wp.com\/www.interaccionnoticias.com.mx\/wp-content\/uploads\/2025\/01\/250106-Evelyn-Salgado-2-1024x683.jpg?ssl=1&w=640&resize=640&ssl=1 640w, https:\/\/i0.wp.com\/www.interaccionnoticias.com.mx\/wp-content\/uploads\/2025\/01\/250106-Evelyn-Salgado-2-1024x683.jpg?ssl=1&w=800&resize=800&ssl=1 800w, https:\/\/i0.wp.com\/www.interaccionnoticias.com.mx\/wp-content\/uploads\/2025\/01\/250106-Evelyn-Salgado-2-1024x683.jpg?ssl=1&w=1024&resize=1024&ssl=1 1024w, https:\/\/i0.wp.com\/www.interaccionnoticias.com.mx\/wp-content\/uploads\/2025\/01\/250106-Evelyn-Salgado-2-1024x683.jpg?ssl=1&w=1280&resize=1280&ssl=1 1280w, https:\/\/i0.wp.com\/www.interaccionnoticias.com.mx\/wp-content\/uploads\/2025\/01\/250106-Evelyn-Salgado-2-1024x683.jpg?ssl=1&w=1600&resize=1600&ssl=1 1600w\" alt=\"\" class=\"wp-block-jetpack-slideshow_image wp-image-86049\" data-id=\"86049\" fifu-data-src=\"https:\/\/i0.wp.com\/www.interaccionnoticias.com.mx\/wp-content\/uploads\/2025\/01\/250106-Evelyn-Salgado-2-1024x683.jpg?ssl=1\"\/><\/figure><\/li><\/ul><a class=\"wp-block-jetpack-slideshow_button-prev swiper-button-prev swiper-button-white\" role=\"button\"><\/a><a class=\"wp-block-jetpack-slideshow_button-next swiper-button-next swiper-button-white\" role=\"button\"><\/a><a aria-label=\"Pause Slideshow\" class=\"wp-block-jetpack-slideshow_button-pause\" role=\"button\"><\/a><div class=\"wp-block-jetpack-slideshow_pagination swiper-pagination swiper-pagination-white\"><\/div><\/div><\/div>\n","protected":false},"excerpt":{"rendered":"<p>&#8212; Durante la temporada vacacional de fin de a\u00f1o, Guerrero tuvo una ocupaci\u00f3n tur\u00edstica del 96 por ciento Rosario Garc\u00eda Orozco La gobernadora Evelyn Salgado Pineda consider\u00f3 que el 2025&hellip; <\/p>\n","protected":false},"author":14,"featured_media":86049,"comment_status":"open","ping_status":"open","sticky":false,"template":"","format":"standard","meta":{"fifu_image_url":"","fifu_image_alt":"","footnotes":""},"categories":[11],"tags":[],"class_list":["post-86047","post","type-post","status-publish","format-standard","has-post-thumbnail","hentry","category-guerrero"],"_links":{"self":[{"href":"https:\/\/www.interaccionnoticias.com.mx\/index.php?rest_route=\/wp\/v2\/posts\/86047","targetHints":{"allow":["GET"]}}],"collection":[{"href":"https:\/\/www.interaccionnoticias.com.mx\/index.php?rest_route=\/wp\/v2\/posts"}],"about":[{"href":"https:\/\/www.interaccionnoticias.com.mx\/index.php?rest_route=\/wp\/v2\/types\/post"}],"author":[{"embeddable":true,"href":"https:\/\/www.interaccionnoticias.com.mx\/index.php?rest_route=\/wp\/v2\/users\/14"}],"replies":[{"embeddable":true,"href":"https:\/\/www.interaccionnoticias.com.mx\/index.php?rest_route=%2Fwp%2Fv2%2Fcomments&post=86047"}],"version-history":[{"count":1,"href":"https:\/\/www.interaccionnoticias.com.mx\/index.php?rest_route=\/wp\/v2\/posts\/86047\/revisions"}],"predecessor-version":[{"id":86050,"href":"https:\/\/www.interaccionnoticias.com.mx\/index.php?rest_route=\/wp\/v2\/posts\/86047\/revisions\/86050"}],"wp:featuredmedia":[{"embeddable":true,"href":"https:\/\/www.interaccionnoticias.com.mx\/index.php?rest_route=\/wp\/v2\/media\/86049"}],"wp:attachment":[{"href":"https:\/\/www.interaccionnoticias.com.mx\/index.php?rest_route=%2Fwp%2Fv2%2Fmedia&parent=86047"}],"wp:term":[{"taxonomy":"category","embeddable":true,"href":"https:\/\/www.interaccionnoticias.com.mx\/index.php?rest_route=%2Fwp%2Fv2%2Fcategories&post=86047"},{"taxonomy":"post_tag","embeddable":true,"href":"https:\/\/www.interaccionnoticias.com.mx\/index.php?rest_route=%2Fwp%2Fv2%2Ftags&post=86047"}],"curies":[{"name":"wp","href":"https:\/\/api.w.org\/{rel}","templated":true}]}}