{"id":86044,"date":"2025-01-06T13:34:49","date_gmt":"2025-01-06T19:34:49","guid":{"rendered":"https:\/\/www.interaccionnoticias.com.mx\/?p=86044"},"modified":"2025-01-06T13:34:51","modified_gmt":"2025-01-06T19:34:51","slug":"dirigente-de-morena-guerrero-rechaza-que-utilice-reloj-y-chaleco-de-lujo","status":"publish","type":"post","link":"https:\/\/www.interaccionnoticias.com.mx\/?p=86044","title":{"rendered":"Dirigente de MORENA-Guerrero rechaza que utilice reloj y chaleco de lujo"},"content":{"rendered":"\n<p><strong><em>&#8212; Precisa que lo exhibieron por un reloj sencillo que le regalaron en diciembre, aunque es parecido a uno de marca ostentosa<br>&#8212; El Chaleco, supuestamente Carolina Herrera, lo compr\u00f3 en un negocio convencional del centro de Chipancingo<br>&#8212; \u201cLa austeridad aplica en el gobierno, la gente se puede vestir como quiera\u201d, indica Jacinto Gonz\u00e1lez Varona<\/em><\/strong><\/p>\n\n\n\n<p><strong>Rogelio Agust\u00edn<\/strong><\/p>\n\n\n\n<p>El dirigente estatal de MORENA, Jacinto Gonz\u00e1lez Varona neg\u00f3 que rompa el discurso de austeridad promovido por el ex presidente de la Rep\u00fablica, Andr\u00e9s Manuel L\u00f3pez Obrador, luego de que fuera exhibido por visitar una comunidad de la Sierra de Chilpancingo portando un reloj que supuestamente est\u00f1a valuado en m\u00e1s de 66 mil pesos, adem\u00e1s de un chaleco de 9 mil.<br>Este fin de semana, Gonz\u00e1lez Varona estuvo en la comunidad de La Esperanza, municipio de Chilpancingo con la intenci\u00f3n de entregar 40 paquetes de l\u00e1mina a igual n\u00famero de familias damnificadas.<br>Ah\u00ed fue captado mientras se serv\u00eda en un plato una raci\u00f3n de caldo, incluso tambi\u00e9n cuando volteaba tortillas en un comal.<br>La noche del domingo se publicaron fotogaf\u00edas en las que se enfoca el reloj que porta, similar a un modelo de la marca Rado, pieza que en el mercado tiene un costo superior a 66 mil pesos.<br>Tambi\u00e9n se mostr\u00f3 un chaleco con dise\u00f1o parecido a un modelo de la marca Carolina Herrera, que en cat\u00e1logo se muestra con un precio de m\u00e1s de 9 mil.<br>El dirigente estatal de MORENA apunt\u00f3: \u201cYo no tengo certificados de autenticidad, el reloj fue un regalo que me hicieron en diciembre de hace un a\u00f1o, mientras que el chaleco lo compr\u00e9 en una tienda convencional de Chilpancingo, en el andador Emiliano Zapata, donde porcierto, venden ropa de muy buena calidad\u201d.<br>Cuestionado respecto al tema de la austeridad, promovida de manera constante por el ex presidente Andr\u00e9s Manuel L\u00f3pez Obrador, Jacinto Gonz\u00e1lez Varona respondi\u00f3: \u201cLo que pasa es que la austeridad aplica en el ejercicio de gobierno, las personas tienen el derecho a vestir como quieran\u201d.<\/p>\n\n\n\n<p>Luego reproch\u00f3: \u201cEn todo caso, los medios tienen la obligaci\u00f3n de manejarse con responsabilidad, es tan simple como revisar a detalle la fotograf\u00eda que aparece en el modelo (tomada de la p\u00e1gina oficial de Carolina Herrera) y el chaleco que vestimos en las im\u00e1genes que se han difundido, lo que se tiene es una diferencia brutal. El reloj ni siquiera se puede apreciar de que tama\u00f1o es, t\u00fa no puedes llevar un reloj de ese tipo ade ambientes porque se te puede empolvar o rayar, habr\u00eda que ser m\u00e1s objetivos\u201d.<\/p>\n\n\n\n<p>En todo caso, dijo que no tiene caso vestir de manera supuestamente humilde y actuar de manera poco grata ante los ojos de la poblaci\u00f3n, o viceversa, ser ostentoso y ofensivo ante las dem\u00e1s personas.<\/p>\n\n\n\n<p>Lo que genera inconformidad, de acuerdo con Gonz\u00e1lez, es que no cualquier pol\u00edtico puede acudir a las comunidades rurales, encontrarse con la poblaci\u00f3n y salir excento de reclamos.<\/p>\n","protected":false},"excerpt":{"rendered":"<p>&#8212; Precisa que lo exhibieron por un reloj sencillo que le regalaron en diciembre, aunque es parecido a uno de marca ostentosa&#8212; El Chaleco, supuestamente Carolina Herrera, lo compr\u00f3 en&hellip; <\/p>\n","protected":false},"author":21,"featured_media":86045,"comment_status":"open","ping_status":"open","sticky":false,"template":"","format":"standard","meta":{"fifu_image_url":"","fifu_image_alt":"","footnotes":""},"categories":[21],"tags":[],"class_list":["post-86044","post","type-post","status-publish","format-standard","has-post-thumbnail","hentry","category-politica"],"_links":{"self":[{"href":"https:\/\/www.interaccionnoticias.com.mx\/index.php?rest_route=\/wp\/v2\/posts\/86044","targetHints":{"allow":["GET"]}}],"collection":[{"href":"https:\/\/www.interaccionnoticias.com.mx\/index.php?rest_route=\/wp\/v2\/posts"}],"about":[{"href":"https:\/\/www.interaccionnoticias.com.mx\/index.php?rest_route=\/wp\/v2\/types\/post"}],"author":[{"embeddable":true,"href":"https:\/\/www.interaccionnoticias.com.mx\/index.php?rest_route=\/wp\/v2\/users\/21"}],"replies":[{"embeddable":true,"href":"https:\/\/www.interaccionnoticias.com.mx\/index.php?rest_route=%2Fwp%2Fv2%2Fcomments&post=86044"}],"version-history":[{"count":1,"href":"https:\/\/www.interaccionnoticias.com.mx\/index.php?rest_route=\/wp\/v2\/posts\/86044\/revisions"}],"predecessor-version":[{"id":86046,"href":"https:\/\/www.interaccionnoticias.com.mx\/index.php?rest_route=\/wp\/v2\/posts\/86044\/revisions\/86046"}],"wp:featuredmedia":[{"embeddable":true,"href":"https:\/\/www.interaccionnoticias.com.mx\/index.php?rest_route=\/wp\/v2\/media\/86045"}],"wp:attachment":[{"href":"https:\/\/www.interaccionnoticias.com.mx\/index.php?rest_route=%2Fwp%2Fv2%2Fmedia&parent=86044"}],"wp:term":[{"taxonomy":"category","embeddable":true,"href":"https:\/\/www.interaccionnoticias.com.mx\/index.php?rest_route=%2Fwp%2Fv2%2Fcategories&post=86044"},{"taxonomy":"post_tag","embeddable":true,"href":"https:\/\/www.interaccionnoticias.com.mx\/index.php?rest_route=%2Fwp%2Fv2%2Ftags&post=86044"}],"curies":[{"name":"wp","href":"https:\/\/api.w.org\/{rel}","templated":true}]}}