{"id":86031,"date":"2025-01-05T19:49:00","date_gmt":"2025-01-06T01:49:00","guid":{"rendered":"https:\/\/www.interaccionnoticias.com.mx\/?p=86031"},"modified":"2025-01-06T00:27:14","modified_gmt":"2025-01-06T06:27:14","slug":"asesinan-a-taxista-en-pleno-centro-de-acapulco","status":"publish","type":"post","link":"https:\/\/www.interaccionnoticias.com.mx\/?p=86031","title":{"rendered":"Asesinan a taxista en pleno Centro de Acapulco"},"content":{"rendered":"\n<p><em><strong>&#8212; Le disparan en varias ocasiones al ch\u00f3fer<br>&#8212; Hechos en pleno centro del puerto de Acapulco<\/strong><\/em><\/p>\n\n\n\n<p><strong>Javier Trujillo<\/strong><\/p>\n\n\n\n<p><strong>Acapulco, Gro.-<\/strong> Un taxista fue ultimado a balazos con armas de grueso calibre, entre las calles del primer cuadro de la ciudad, es el primer homicidio en pleno Centro de Acapulco.<\/p>\n\n\n\n<p>La v\u00edctima viajaba en un autom\u00f3vil marca Chevrolet, tipo Aveo, azul con blanco y con placas A 477 FKE, justo cuando iba a entrar al estacionamiento de la tienda Coppel Bah\u00eda, ubicada entre las calles Aquiles Serd\u00e1n, Humboldt y la calzada de Pie de la Cuesta.<\/p>\n\n\n\n<p>Justamente cuando el ch\u00f3fer se iba a incorporar al estacionamiento de Coppel Bah\u00eda, cuando fue atacado a balazos, por dos sujetos armados que viajaban a bordo de una motocicleta quienes le dispararon en varias ocasiones.<\/p>\n\n\n\n<p>El \u00e1rea justamente estaba bajo la vigilancia de fuerzas federales, de inmediato cerraron la escena del cr\u00edmen efectivos de Defensa, Semar, GN, Polic\u00eda Estatal, municipales, y ministeriales, m\u00e1s tarde llegaron los Servicios Periciales de la Fiscal\u00eda General del Estado.<\/p>\n\n\n\n<p>Es el primer hecho de violencia en lo que va del a\u00f1o, de acuerdo con las autoridades ministeriales.<\/p>\n","protected":false},"excerpt":{"rendered":"<p>&#8212; Le disparan en varias ocasiones al ch\u00f3fer&#8212; Hechos en pleno centro del puerto de Acapulco Javier Trujillo Acapulco, Gro.- Un taxista fue ultimado a balazos con armas de grueso&hellip; <\/p>\n","protected":false},"author":3,"featured_media":86032,"comment_status":"open","ping_status":"open","sticky":false,"template":"","format":"standard","meta":{"fifu_image_url":"","fifu_image_alt":"","footnotes":""},"categories":[27],"tags":[],"class_list":["post-86031","post","type-post","status-publish","format-standard","has-post-thumbnail","hentry","category-seguridad-publica"],"_links":{"self":[{"href":"https:\/\/www.interaccionnoticias.com.mx\/index.php?rest_route=\/wp\/v2\/posts\/86031","targetHints":{"allow":["GET"]}}],"collection":[{"href":"https:\/\/www.interaccionnoticias.com.mx\/index.php?rest_route=\/wp\/v2\/posts"}],"about":[{"href":"https:\/\/www.interaccionnoticias.com.mx\/index.php?rest_route=\/wp\/v2\/types\/post"}],"author":[{"embeddable":true,"href":"https:\/\/www.interaccionnoticias.com.mx\/index.php?rest_route=\/wp\/v2\/users\/3"}],"replies":[{"embeddable":true,"href":"https:\/\/www.interaccionnoticias.com.mx\/index.php?rest_route=%2Fwp%2Fv2%2Fcomments&post=86031"}],"version-history":[{"count":1,"href":"https:\/\/www.interaccionnoticias.com.mx\/index.php?rest_route=\/wp\/v2\/posts\/86031\/revisions"}],"predecessor-version":[{"id":86033,"href":"https:\/\/www.interaccionnoticias.com.mx\/index.php?rest_route=\/wp\/v2\/posts\/86031\/revisions\/86033"}],"wp:featuredmedia":[{"embeddable":true,"href":"https:\/\/www.interaccionnoticias.com.mx\/index.php?rest_route=\/wp\/v2\/media\/86032"}],"wp:attachment":[{"href":"https:\/\/www.interaccionnoticias.com.mx\/index.php?rest_route=%2Fwp%2Fv2%2Fmedia&parent=86031"}],"wp:term":[{"taxonomy":"category","embeddable":true,"href":"https:\/\/www.interaccionnoticias.com.mx\/index.php?rest_route=%2Fwp%2Fv2%2Fcategories&post=86031"},{"taxonomy":"post_tag","embeddable":true,"href":"https:\/\/www.interaccionnoticias.com.mx\/index.php?rest_route=%2Fwp%2Fv2%2Ftags&post=86031"}],"curies":[{"name":"wp","href":"https:\/\/api.w.org\/{rel}","templated":true}]}}