{"id":85995,"date":"2025-01-04T14:50:00","date_gmt":"2025-01-04T20:50:00","guid":{"rendered":"https:\/\/www.interaccionnoticias.com.mx\/?p=85995"},"modified":"2025-01-04T16:46:38","modified_gmt":"2025-01-04T22:46:38","slug":"no-hubo-desaire-al-sepelio-de-martin-roberto-y-jose-vidal-asegura-el-alcalde-de-chilpancingo","status":"publish","type":"post","link":"https:\/\/www.interaccionnoticias.com.mx\/?p=85995","title":{"rendered":"No hubo desaire al sepelio de Mart\u00edn Roberto y Jos\u00e9 Vidal, asegura el alcalde de Chilpancingo"},"content":{"rendered":"\n<p><em><strong>&#8212; El alcalde Gustavo Alarc\u00f3n Herrera sostiene que recibi\u00f3 cr\u00edticas muy agresivas<br>&#8212; Precisa que la visita a \u00abPerritos Felices\u00bb fue circunstancial<br>&#8212; Inicialmente acudi\u00f3 para atender reportes ciudadanos sobre un socav\u00f3n<\/strong><\/em><\/p>\n\n\n\n<p><strong>Rosario Garc\u00eda Orozco<\/strong><\/p>\n\n\n\n<p>El presidente municipal Gustavo Alarc\u00f3n Herrera neg\u00f3 que haya desde\u00f1ado el sepelio del presidente de la Feria de San Mateo, Navidad y A\u00f1o Nuevo, Mart\u00edn Roberto Ram\u00edrez Ruiz y del maestro de ceremonias Jos\u00e9 Vidal Nava, pues sostiene que su visita a \u00abPerritos Felices\u00bb fue algo circunstancial, que se dio cuando atend\u00eda el reporte un socav\u00f3n en la zona.<\/p>\n\n\n\n<p>El primer edil explic\u00f3 que ese d\u00eda fue a supervisar un socav\u00f3n que se encuentra en la zona donde se ubica el refugio de perros, pero no acudi\u00f3 de manera expresa a sostener alguna reuni\u00f3n.<\/p>\n\n\n\n<p>\u00abEst\u00e1bamos supervisando un \u00e1rea donde no les llegaba desde hace tres meses el agua, y se est\u00e1 realizando la obra para que pueda llegar el agua a esa colonia, ah\u00ed nos saludamos con el senador y nos invit\u00f3 a pasar\u00bb.<\/p>\n\n\n\n<p>Ese mismo d\u00eda se llev\u00f3 a cabo el sepelio tanto del presidente del Patronato de la Feria y de su colaborador, por lo que el alcalde capitalino recibi\u00f3 severas cr\u00edticas en redes sociales, por no acudir al sepelio, pero que s\u00ed se hab\u00eda reunido con el senador morenista.<\/p>\n\n\n\n<p>Al respecto, Alarc\u00f3n Herrera mencion\u00f3 que hay personas que hacen comentarios de manera destructiva, \u00abyo acepto una cr\u00edtica cuando pero cuando es constructiva y v\u00e1lida\u00bb.<\/p>\n\n\n\n<p>Dijo que tiene contacto con los integrantes del Patronato para las tareas que se van a realizar, y que hay una coordinaci\u00f3n para esas tareas en una de las festividades m\u00e1s importantes para Chilpancingo.<\/p>\n\n\n\n<p>\u00abSe va a dar continuidad a las actividades programadas, y vamos a continuar los trabajos con el grupo que se encuentra realizando actividades\u00bb, expres\u00f3.<\/p>\n\n\n\n<p>El alcalde se reuni\u00f3 con reporteros de varios medios de comunicacion, para celebrar el D\u00eda Nacional del Periodista, a quienes coment\u00f3 tambien que la prioridad para Chilpancingo en el 2025 son las obras de vialidad, seguridad e iluminaci\u00f3n.<\/p>\n","protected":false},"excerpt":{"rendered":"<p>&#8212; El alcalde Gustavo Alarc\u00f3n Herrera sostiene que recibi\u00f3 cr\u00edticas muy agresivas&#8212; Precisa que la visita a \u00abPerritos Felices\u00bb fue circunstancial&#8212; Inicialmente acudi\u00f3 para atender reportes ciudadanos sobre un socav\u00f3n&hellip; <\/p>\n","protected":false},"author":14,"featured_media":85996,"comment_status":"open","ping_status":"open","sticky":false,"template":"","format":"standard","meta":{"fifu_image_url":"","fifu_image_alt":"","footnotes":""},"categories":[13],"tags":[],"class_list":["post-85995","post","type-post","status-publish","format-standard","has-post-thumbnail","hentry","category-capital"],"_links":{"self":[{"href":"https:\/\/www.interaccionnoticias.com.mx\/index.php?rest_route=\/wp\/v2\/posts\/85995","targetHints":{"allow":["GET"]}}],"collection":[{"href":"https:\/\/www.interaccionnoticias.com.mx\/index.php?rest_route=\/wp\/v2\/posts"}],"about":[{"href":"https:\/\/www.interaccionnoticias.com.mx\/index.php?rest_route=\/wp\/v2\/types\/post"}],"author":[{"embeddable":true,"href":"https:\/\/www.interaccionnoticias.com.mx\/index.php?rest_route=\/wp\/v2\/users\/14"}],"replies":[{"embeddable":true,"href":"https:\/\/www.interaccionnoticias.com.mx\/index.php?rest_route=%2Fwp%2Fv2%2Fcomments&post=85995"}],"version-history":[{"count":1,"href":"https:\/\/www.interaccionnoticias.com.mx\/index.php?rest_route=\/wp\/v2\/posts\/85995\/revisions"}],"predecessor-version":[{"id":85997,"href":"https:\/\/www.interaccionnoticias.com.mx\/index.php?rest_route=\/wp\/v2\/posts\/85995\/revisions\/85997"}],"wp:featuredmedia":[{"embeddable":true,"href":"https:\/\/www.interaccionnoticias.com.mx\/index.php?rest_route=\/wp\/v2\/media\/85996"}],"wp:attachment":[{"href":"https:\/\/www.interaccionnoticias.com.mx\/index.php?rest_route=%2Fwp%2Fv2%2Fmedia&parent=85995"}],"wp:term":[{"taxonomy":"category","embeddable":true,"href":"https:\/\/www.interaccionnoticias.com.mx\/index.php?rest_route=%2Fwp%2Fv2%2Fcategories&post=85995"},{"taxonomy":"post_tag","embeddable":true,"href":"https:\/\/www.interaccionnoticias.com.mx\/index.php?rest_route=%2Fwp%2Fv2%2Ftags&post=85995"}],"curies":[{"name":"wp","href":"https:\/\/api.w.org\/{rel}","templated":true}]}}