{"id":85976,"date":"2025-01-03T16:39:00","date_gmt":"2025-01-03T22:39:00","guid":{"rendered":"https:\/\/www.interaccionnoticias.com.mx\/?p=85976"},"modified":"2025-01-03T19:45:57","modified_gmt":"2025-01-04T01:45:57","slug":"familiares-vecinos-y-amigos-de-jennifer-bloquearon-y-marchan","status":"publish","type":"post","link":"https:\/\/www.interaccionnoticias.com.mx\/?p=85976","title":{"rendered":"Familiares, vecinos y amigos de Jennifer bloquearon y marchan en la Costera Miguel Alem\u00e1n"},"content":{"rendered":"\n<p><em><strong>&#8212; La FGE Guerrero atiende a familiares de Jennifer \u201cN\u201d<br>&#8212; Aseguran que se activaron protocolos de b\u00fasqueda desde que se recibi\u00f3 la denuncia por desaparici\u00f3n<\/strong><\/em><\/p>\n\n\n\n<p><strong>Javier Trujillo<\/strong><\/p>\n\n\n\n<p><strong>Acapulco, Gro.-<\/strong> Integrantes de la familia de la joven Jennifer Moyao Rend\u00f3n, desaparecida desde el pasado 27 de diciembre del 2024, as\u00ed como vecinos y amigos se manifestaron bloqueando y realizan una marcha en la Costera Miguel Alem\u00e1n en Acapulco.<\/p>\n\n\n\n<p>Con cartulinas, lonas con sus datos y una fotograf\u00eda del rostro de la joven de 24 a\u00f1os de edad despareci\u00f3 hace siete d\u00edas y piden a la gobernadora Evelyn Salgado Pineda y los tres \u00f3rdenes de gobierno les ayude para encontrarla.<\/p>\n\n\n\n<p>\u00abSe\u00f1ora gobernadora Evelyn Salgado Pineda, pido su apoyo para encontrar a Jenny\u00bb, \u00abJennifer estamos contigo hasta encontrarte\u00bb, \u00abQueremos un Acapulco seguro para todos, y un Guerrero con seguridad, ni una o uno desaparecidos\u00bb, entre otras demandas.<\/p>\n\n\n\n<p>Antes de la protesta se llev\u00f3 a cabo una reuni\u00f3n entre familiares de Jennifer y las autoridades de la fiscal\u00eda regional de Acapulco con el encargado de despacho de la Fiscal\u00eda Especializada en Materia de Desaparici\u00f3n Forzada y B\u00fasqueda de Personas Desaparecidas, Baldomero Milian Tejeda y agentes de la Polic\u00eda Investigadora Ministerial (PIM), quienes presentaron los avances de las acciones para localizar a la v\u00edctima.<\/p>\n\n\n\n<p>Se detall\u00f3 que en seguimiento puntual de las investigaciones y como parte de la atenci\u00f3n directa a las v\u00edctimas indirectas, el Fiscal Regional de Acapulco, Sergio Palma Villase\u00f1or, atendi\u00f3 a familiares de la joven Jennifer \u201cN\u201d, reportada como desaparecida y buscada por esta Fiscal\u00eda, desde el momento en que se present\u00f3 la denuncia formal por desaparici\u00f3n ante el Ministerio P\u00fablico.<\/p>\n\n\n\n<p>Se indica que Jennifer Moyao, fue vista por \u00faltima vez en el complejo habitacional del Infonavit Alta Progreso, zona urbana del puerto y llevaba un pantal\u00f3n de mezclilla blanco, blusa manga larga azul marino y tenis blancos.<\/p>\n\n\n\n<p>La marcha parti\u00f3 del Asta Bandera en el carril que lleva el sentido de Caleta a La Base, hasta llegar a La Diana Cazadora donde nuevamente realizar\u00e1n una protesta para exigir la presentaci\u00f3n con vida de la joven.<\/p>\n","protected":false},"excerpt":{"rendered":"<p>&#8212; La FGE Guerrero atiende a familiares de Jennifer \u201cN\u201d&#8212; Aseguran que se activaron protocolos de b\u00fasqueda desde que se recibi\u00f3 la denuncia por desaparici\u00f3n Javier Trujillo Acapulco, Gro.- Integrantes&hellip; <\/p>\n","protected":false},"author":3,"featured_media":85977,"comment_status":"open","ping_status":"open","sticky":false,"template":"","format":"standard","meta":{"fifu_image_url":"","fifu_image_alt":"","footnotes":""},"categories":[242],"tags":[],"class_list":["post-85976","post","type-post","status-publish","format-standard","has-post-thumbnail","hentry","category-acapulco"],"_links":{"self":[{"href":"https:\/\/www.interaccionnoticias.com.mx\/index.php?rest_route=\/wp\/v2\/posts\/85976","targetHints":{"allow":["GET"]}}],"collection":[{"href":"https:\/\/www.interaccionnoticias.com.mx\/index.php?rest_route=\/wp\/v2\/posts"}],"about":[{"href":"https:\/\/www.interaccionnoticias.com.mx\/index.php?rest_route=\/wp\/v2\/types\/post"}],"author":[{"embeddable":true,"href":"https:\/\/www.interaccionnoticias.com.mx\/index.php?rest_route=\/wp\/v2\/users\/3"}],"replies":[{"embeddable":true,"href":"https:\/\/www.interaccionnoticias.com.mx\/index.php?rest_route=%2Fwp%2Fv2%2Fcomments&post=85976"}],"version-history":[{"count":3,"href":"https:\/\/www.interaccionnoticias.com.mx\/index.php?rest_route=\/wp\/v2\/posts\/85976\/revisions"}],"predecessor-version":[{"id":85980,"href":"https:\/\/www.interaccionnoticias.com.mx\/index.php?rest_route=\/wp\/v2\/posts\/85976\/revisions\/85980"}],"wp:featuredmedia":[{"embeddable":true,"href":"https:\/\/www.interaccionnoticias.com.mx\/index.php?rest_route=\/wp\/v2\/media\/85977"}],"wp:attachment":[{"href":"https:\/\/www.interaccionnoticias.com.mx\/index.php?rest_route=%2Fwp%2Fv2%2Fmedia&parent=85976"}],"wp:term":[{"taxonomy":"category","embeddable":true,"href":"https:\/\/www.interaccionnoticias.com.mx\/index.php?rest_route=%2Fwp%2Fv2%2Fcategories&post=85976"},{"taxonomy":"post_tag","embeddable":true,"href":"https:\/\/www.interaccionnoticias.com.mx\/index.php?rest_route=%2Fwp%2Fv2%2Ftags&post=85976"}],"curies":[{"name":"wp","href":"https:\/\/api.w.org\/{rel}","templated":true}]}}