{"id":85970,"date":"2025-01-03T15:50:00","date_gmt":"2025-01-03T21:50:00","guid":{"rendered":"https:\/\/www.interaccionnoticias.com.mx\/?p=85970"},"modified":"2025-01-03T19:37:01","modified_gmt":"2025-01-04T01:37:01","slug":"crean-cuenta-falsa-desde-facebook-de-jesus-uriostegui-presidente-de-la-jucopo","status":"publish","type":"post","link":"https:\/\/www.interaccionnoticias.com.mx\/?p=85970","title":{"rendered":"Crean cuenta falsa desde Facebook de Jes\u00fas Uri\u00f3stegui presidente de la JUCOPO"},"content":{"rendered":"\n<p><strong><em>&#8212; Pide diputado local hacer caso omiso a solicitudes de amistad<\/em><\/strong><\/p>\n\n\n\n<p><strong>Jes\u00fas Dorantes<\/strong><\/p>\n\n\n\n<p><strong>Chilpancingo, Gro.- <\/strong>El presidente de la Junta de Coordinaci\u00f3n Pol\u00edtica (JUCOPO) del Congreso local Jes\u00fas Uri\u00f3stegui Garc\u00eda, denunci\u00f3 la existencia de un perfil falso con su informaci\u00f3n y fotograf\u00edas en la red social de Facebook.<\/p>\n\n\n\n<p>La tarde este viernes el tambi\u00e9n l\u00edder de la bancada de Morena en el congreso guerrerense realiz\u00f3 una publicaci\u00f3n en su perfil personal, la cu\u00e1l va acompa\u00f1ada de dos capturas de pantalla con la leyenda en color rojo perfil falso.<\/p>\n\n\n\n<p>En la primera se aprecia el perfil que tiene un total de 132 amigos y qu\u00e9 tanto en la fotograf\u00eda de perfil como en la portada tiene dos fotograf\u00edas del diputado local, mientras que en la segunda se trata de una conversaci\u00f3n de la que solicita a otros usuarios enviar un c\u00f3digo por la aplicaci\u00f3n de mensajer\u00eda WhatsApp.<\/p>\n\n\n\n<p>Las im\u00e1genes est\u00e1n acompa\u00f1adas de un breve texto en el que se\u00f1ala que se detect\u00f3 la cuenta falsa desde la cual se env\u00edan solicitudes de amistad, por lo que solicit\u00f3 la ayuda para reportar el perfil y que no se responda ning\u00fan mensaje por parte de sus conocidos.<\/p>\n","protected":false},"excerpt":{"rendered":"<p>&#8212; Pide diputado local hacer caso omiso a solicitudes de amistad Jes\u00fas Dorantes Chilpancingo, Gro.- El presidente de la Junta de Coordinaci\u00f3n Pol\u00edtica (JUCOPO) del Congreso local Jes\u00fas Uri\u00f3stegui Garc\u00eda,&hellip; <\/p>\n","protected":false},"author":8,"featured_media":85971,"comment_status":"open","ping_status":"open","sticky":false,"template":"","format":"standard","meta":{"fifu_image_url":"","fifu_image_alt":"","footnotes":""},"categories":[21],"tags":[],"class_list":["post-85970","post","type-post","status-publish","format-standard","has-post-thumbnail","hentry","category-politica"],"_links":{"self":[{"href":"https:\/\/www.interaccionnoticias.com.mx\/index.php?rest_route=\/wp\/v2\/posts\/85970","targetHints":{"allow":["GET"]}}],"collection":[{"href":"https:\/\/www.interaccionnoticias.com.mx\/index.php?rest_route=\/wp\/v2\/posts"}],"about":[{"href":"https:\/\/www.interaccionnoticias.com.mx\/index.php?rest_route=\/wp\/v2\/types\/post"}],"author":[{"embeddable":true,"href":"https:\/\/www.interaccionnoticias.com.mx\/index.php?rest_route=\/wp\/v2\/users\/8"}],"replies":[{"embeddable":true,"href":"https:\/\/www.interaccionnoticias.com.mx\/index.php?rest_route=%2Fwp%2Fv2%2Fcomments&post=85970"}],"version-history":[{"count":1,"href":"https:\/\/www.interaccionnoticias.com.mx\/index.php?rest_route=\/wp\/v2\/posts\/85970\/revisions"}],"predecessor-version":[{"id":85972,"href":"https:\/\/www.interaccionnoticias.com.mx\/index.php?rest_route=\/wp\/v2\/posts\/85970\/revisions\/85972"}],"wp:featuredmedia":[{"embeddable":true,"href":"https:\/\/www.interaccionnoticias.com.mx\/index.php?rest_route=\/wp\/v2\/media\/85971"}],"wp:attachment":[{"href":"https:\/\/www.interaccionnoticias.com.mx\/index.php?rest_route=%2Fwp%2Fv2%2Fmedia&parent=85970"}],"wp:term":[{"taxonomy":"category","embeddable":true,"href":"https:\/\/www.interaccionnoticias.com.mx\/index.php?rest_route=%2Fwp%2Fv2%2Fcategories&post=85970"},{"taxonomy":"post_tag","embeddable":true,"href":"https:\/\/www.interaccionnoticias.com.mx\/index.php?rest_route=%2Fwp%2Fv2%2Ftags&post=85970"}],"curies":[{"name":"wp","href":"https:\/\/api.w.org\/{rel}","templated":true}]}}