{"id":85964,"date":"2025-01-03T15:48:00","date_gmt":"2025-01-03T21:48:00","guid":{"rendered":"https:\/\/www.interaccionnoticias.com.mx\/?p=85964"},"modified":"2025-01-03T18:34:17","modified_gmt":"2025-01-04T00:34:17","slug":"localizan-a-menor-desaparecida-en-chilpancingo","status":"publish","type":"post","link":"https:\/\/www.interaccionnoticias.com.mx\/?p=85964","title":{"rendered":"Localizan a menor desaparecida en Chilpancingo"},"content":{"rendered":"\n<p><strong><em>&#8212; Fue reportada como desaparecida el 01 de enero<\/em><\/strong><\/p>\n\n\n\n<p><strong>Jes\u00fas Dorantes<\/strong><\/p>\n\n\n\n<p><strong>Chilpancingo, Gro.-<\/strong> La Secretar\u00eda de Seguridad P\u00fablica (SSP) del Estado confirm\u00f3 que fue localizada Getseman\u00ed \u00abN\u00bb adolescente reportada como desaparecida en el municipio de Chilpancingo, la b\u00fasqueda se inici\u00f3 despu\u00e9s de que se recibi\u00f3 el reporte a trav\u00e9s del n\u00famero de emergencias 911 el pasado 1 de enero.<\/p>\n\n\n\n<p>La SSP se\u00f1al\u00f3 en un comunicado que activ\u00f3 los protocolos de b\u00fasqueda de la Alerta Violeta, lo que permiti\u00f3 localizar a la adolescente en cuesti\u00f3n de horas, adem\u00e1s se se\u00f1alar que la Polic\u00eda Estatal y la Unidad Policial de G\u00e9nero trabajaron en conjunto para encontrar a Getseman\u00ed \u00abN\u00bb en distintas zonas de la Regi\u00f3n centro de la entidad.<\/p>\n\n\n\n<p>La adolescente fue encontrada sana y salva y posteriormente fue entregada a sus familiares, Por lo que tambi\u00e9n en su escritorio se\u00f1alan que la pronta localizaci\u00f3n es una muestra de la eficacia de los protocolos de b\u00fasqueda y la colaboraci\u00f3n entre las diferentes unidades policiales.<\/p>\n\n\n\n<p>La ficha de b\u00fasqueda fue emitida el pasado 02 de enero en redes sociales, luego de que sus familiares interpusieran la denuncia ante las autoridades correspondientes.<\/p>\n","protected":false},"excerpt":{"rendered":"<p>&#8212; Fue reportada como desaparecida el 01 de enero Jes\u00fas Dorantes Chilpancingo, Gro.- La Secretar\u00eda de Seguridad P\u00fablica (SSP) del Estado confirm\u00f3 que fue localizada Getseman\u00ed \u00abN\u00bb adolescente reportada como&hellip; <\/p>\n","protected":false},"author":8,"featured_media":85965,"comment_status":"open","ping_status":"open","sticky":false,"template":"","format":"standard","meta":{"fifu_image_url":"","fifu_image_alt":"","footnotes":""},"categories":[247],"tags":[],"class_list":["post-85964","post","type-post","status-publish","format-standard","has-post-thumbnail","hentry","category-lo-has-visto"],"_links":{"self":[{"href":"https:\/\/www.interaccionnoticias.com.mx\/index.php?rest_route=\/wp\/v2\/posts\/85964","targetHints":{"allow":["GET"]}}],"collection":[{"href":"https:\/\/www.interaccionnoticias.com.mx\/index.php?rest_route=\/wp\/v2\/posts"}],"about":[{"href":"https:\/\/www.interaccionnoticias.com.mx\/index.php?rest_route=\/wp\/v2\/types\/post"}],"author":[{"embeddable":true,"href":"https:\/\/www.interaccionnoticias.com.mx\/index.php?rest_route=\/wp\/v2\/users\/8"}],"replies":[{"embeddable":true,"href":"https:\/\/www.interaccionnoticias.com.mx\/index.php?rest_route=%2Fwp%2Fv2%2Fcomments&post=85964"}],"version-history":[{"count":1,"href":"https:\/\/www.interaccionnoticias.com.mx\/index.php?rest_route=\/wp\/v2\/posts\/85964\/revisions"}],"predecessor-version":[{"id":85966,"href":"https:\/\/www.interaccionnoticias.com.mx\/index.php?rest_route=\/wp\/v2\/posts\/85964\/revisions\/85966"}],"wp:featuredmedia":[{"embeddable":true,"href":"https:\/\/www.interaccionnoticias.com.mx\/index.php?rest_route=\/wp\/v2\/media\/85965"}],"wp:attachment":[{"href":"https:\/\/www.interaccionnoticias.com.mx\/index.php?rest_route=%2Fwp%2Fv2%2Fmedia&parent=85964"}],"wp:term":[{"taxonomy":"category","embeddable":true,"href":"https:\/\/www.interaccionnoticias.com.mx\/index.php?rest_route=%2Fwp%2Fv2%2Fcategories&post=85964"},{"taxonomy":"post_tag","embeddable":true,"href":"https:\/\/www.interaccionnoticias.com.mx\/index.php?rest_route=%2Fwp%2Fv2%2Ftags&post=85964"}],"curies":[{"name":"wp","href":"https:\/\/api.w.org\/{rel}","templated":true}]}}