{"id":85946,"date":"2025-01-02T15:40:00","date_gmt":"2025-01-02T21:40:00","guid":{"rendered":"https:\/\/www.interaccionnoticias.com.mx\/?p=85946"},"modified":"2025-01-03T01:55:48","modified_gmt":"2025-01-03T07:55:48","slug":"el-incremento-al-salario-impactara-las-utilidades-de-los-empresarios","status":"publish","type":"post","link":"https:\/\/www.interaccionnoticias.com.mx\/?p=85946","title":{"rendered":"El incremento al salario impactar\u00e1 las utilidades de los empresarios, pero ayuda a los trabajadores"},"content":{"rendered":"\n<p><strong><em>&#8212; Es el incremento al salario m\u00ednimo m\u00e1s elevado: Comarpex<\/em><\/strong><\/p>\n\n\n\n<p><strong>Rosario Garc\u00eda Orozco<\/strong><\/p>\n\n\n\n<p>Empresarios de Chilpancingo, afiliados a la Confederaci\u00f3n Patronal de la Rep\u00fablica Mexicana (Coparmex), reconocen que el incremento del 12 por ciento al salario m\u00ednimo, que el gobierno federal aprob\u00f3 para los trabajadores, va a impactar de manera negativa a las utilidades de los empresarios, pero ayuda a los trabajadores.<\/p>\n\n\n\n<p>\u00abLa Coparmex trabaja de com\u00fan acuerdo con la Comisi\u00f3n de Salarios M\u00ednimos y de esa forma se proponen los porcentajes de aumento al salario, aqu\u00ed sabemos que los empresarios estamos haciendo un esfuerzo por tratar de mejorar le el salario m\u00ednimo a los trabajares\u00bb, extern\u00f3 el presidente de la Coparmex Chilpancingo, Marco Antonio Rodr\u00edguez Canacasco.<\/p>\n\n\n\n<p>Agreg\u00f3 que es importante que se tome en cuenta que ese aumento que se les est\u00e1 otorgando a los trabajadores a partir del primero de enero del 2025, es del 12 por ciento, que es el incremento m\u00e1s elevado al salario m\u00ednimo desde hace varios a\u00f1os, \u00aby debe reconocerse el esfuerzo de los patrones\u00bb.<\/p>\n\n\n\n<p>Reconoci\u00f3 que ese incremento anunciado por la presidencia de la Rep\u00fablica \u00abde alguna manera nos va a pegar a las utilidades, pero es con el fin de otorgarle una vida digna a los trabajadores\u00bb.<\/p>\n\n\n\n<p>Insisti\u00f3 en que un mejor salario repercute en una mejor vida para los trabajadores, \u00abes con el objetivo de que tengan una vida m\u00e1s digna, es la ayuda humanista que pretende Coparmex tambi\u00e9n abonar a los trabajadores\u00bb.<\/p>\n\n\n\n<p>En Coparmex est\u00e1n afiliados unos 200 patrones, que generan empleos para por lo menos 2 mil trabajadores s\u00f3lo en Chilpancingo, refiri\u00f3 Rodr\u00edguez Canacasco.<\/p>\n\n\n\n<p>El dirigente empresarial, quien el primero de enero asumi\u00f3 su responsabilidad como el nuevo presidente de COPARMEX Chilpancingo, mencion\u00f3 que se coordinar\u00e1n con el gobierno del estado para que el gobierno del estado asigne obra p\u00fablica y contratos de adquisiciones de provedur\u00eda a las empresas locales, \u00abnos vamos sentar con ellos para que los contratos no se vayan de Chilpancingo porque aqu\u00ed tambi\u00e9n tenemos empresarios con la capacidad de proveerlos\u00bb.<\/p>\n","protected":false},"excerpt":{"rendered":"<p>&#8212; Es el incremento al salario m\u00ednimo m\u00e1s elevado: Comarpex Rosario Garc\u00eda Orozco Empresarios de Chilpancingo, afiliados a la Confederaci\u00f3n Patronal de la Rep\u00fablica Mexicana (Coparmex), reconocen que el incremento&hellip; <\/p>\n","protected":false},"author":14,"featured_media":85947,"comment_status":"open","ping_status":"open","sticky":false,"template":"","format":"standard","meta":{"fifu_image_url":"","fifu_image_alt":"","footnotes":""},"categories":[13],"tags":[],"class_list":["post-85946","post","type-post","status-publish","format-standard","has-post-thumbnail","hentry","category-capital"],"_links":{"self":[{"href":"https:\/\/www.interaccionnoticias.com.mx\/index.php?rest_route=\/wp\/v2\/posts\/85946","targetHints":{"allow":["GET"]}}],"collection":[{"href":"https:\/\/www.interaccionnoticias.com.mx\/index.php?rest_route=\/wp\/v2\/posts"}],"about":[{"href":"https:\/\/www.interaccionnoticias.com.mx\/index.php?rest_route=\/wp\/v2\/types\/post"}],"author":[{"embeddable":true,"href":"https:\/\/www.interaccionnoticias.com.mx\/index.php?rest_route=\/wp\/v2\/users\/14"}],"replies":[{"embeddable":true,"href":"https:\/\/www.interaccionnoticias.com.mx\/index.php?rest_route=%2Fwp%2Fv2%2Fcomments&post=85946"}],"version-history":[{"count":2,"href":"https:\/\/www.interaccionnoticias.com.mx\/index.php?rest_route=\/wp\/v2\/posts\/85946\/revisions"}],"predecessor-version":[{"id":85949,"href":"https:\/\/www.interaccionnoticias.com.mx\/index.php?rest_route=\/wp\/v2\/posts\/85946\/revisions\/85949"}],"wp:featuredmedia":[{"embeddable":true,"href":"https:\/\/www.interaccionnoticias.com.mx\/index.php?rest_route=\/wp\/v2\/media\/85947"}],"wp:attachment":[{"href":"https:\/\/www.interaccionnoticias.com.mx\/index.php?rest_route=%2Fwp%2Fv2%2Fmedia&parent=85946"}],"wp:term":[{"taxonomy":"category","embeddable":true,"href":"https:\/\/www.interaccionnoticias.com.mx\/index.php?rest_route=%2Fwp%2Fv2%2Fcategories&post=85946"},{"taxonomy":"post_tag","embeddable":true,"href":"https:\/\/www.interaccionnoticias.com.mx\/index.php?rest_route=%2Fwp%2Fv2%2Ftags&post=85946"}],"curies":[{"name":"wp","href":"https:\/\/api.w.org\/{rel}","templated":true}]}}