{"id":85931,"date":"2025-01-02T14:21:00","date_gmt":"2025-01-02T20:21:00","guid":{"rendered":"https:\/\/www.interaccionnoticias.com.mx\/?p=85931"},"modified":"2025-01-03T01:37:08","modified_gmt":"2025-01-03T07:37:08","slug":"ex-guerrillero-reporta-la-desaparicion-de-su-sobrino","status":"publish","type":"post","link":"https:\/\/www.interaccionnoticias.com.mx\/?p=85931","title":{"rendered":"Ex guerrillero reporta la desaparici\u00f3n de su sobrino, en Costa Chica"},"content":{"rendered":"\n<p><em><strong>&#8212; Efr\u00e9n Cort\u00e9s Ch\u00e1vez, ex integrante del ERPI reporta que su sobrino, Jonathan Cort\u00e9s Gallardo no es localizado desde el 30 de diciembre del 2024<\/strong><\/em><\/p>\n\n\n\n<p><strong>Yasm\u00edn Garc\u00eda<\/strong><\/p>\n\n\n\n<p>El ex integrante del Ej\u00e9rcito Revolucionario del Pueblo Insurgente (ERPI), Efr\u00e9n Cort\u00e9s Ch\u00e1vez report\u00f3 la desaparici\u00f3n de su sobrino Jonathan Cort\u00e9s Gallardo, a quien no se ha localizado desde la jornada del 30 de diciembre de 2024.<\/p>\n\n\n\n<p>Cort\u00e9s Ch\u00e1vez es sobreviviente de la masacre de El Charco, registrada el 7 de junio de 1997 en la Sierra de la Concordia, municipio de Ayutla de los Libres.<\/p>\n\n\n\n<p>Cort\u00e9s Gallardo tiene 34 a\u00f1os de edad y la \u00faltima vez que se le vio se encontraba en Cruz Grande, municipio de Florencio Villareal, en la Costa Chica de la entidad.<\/p>\n\n\n\n<p>El denunciante, Efr\u00e9n Cort\u00e9s es actualmente integrantes de la Red Solidaria D\u00e9cada Contra la Impunidad A.C. (RSDCIAC), quien destac\u00f3 que su sobrino desapareci\u00f3 el 30 de diciembre del 2024 en la colonia Amado Nervo, en Cruz Grande.<\/p>\n\n\n\n<p>\u00abPido la intervenci\u00f3n del Gobierno del Estado que encabeza la maestra Evelyn Salgado en la presentaci\u00f3n con vida, tambi\u00e9n pido la intervenci\u00f3n del Gobierno federal en su b\u00fasqueda. Si las instituciones Estatal y federales no hacen nada, ser\u00edan c\u00f3mplice de esta desaparici\u00f3n forzada\u00bb, advirti\u00f3.<\/p>\n\n\n\n<p>La RSDCIAC emiti\u00f3 un comunicado de prensa en el que exigi\u00f3 cese el hostigamiento, persecuci\u00f3n y amenazas al defensor de derechos humanos Efr\u00e9n Cort\u00e9s y a su familia.<\/p>\n\n\n\n<p>La esposa de Cort\u00e9s Ch\u00e1vez, Erika Zamora Pardo, tambi\u00e9n sobreviviente a la masacre de 11 ind\u00edgenas mixtecos registrada en la primaria Caritino Maldonado del Charco, difundi\u00f3 este jueves una imagen en la que aparece con la ficha de b\u00fasqueda emitida a trav\u00e9s del protocolo \u201c\u00bfHas visto a\u2026?<\/p>\n\n\n\n<div class=\"wp-block-jetpack-slideshow aligncenter\" data-effect=\"slide\"><div class=\"wp-block-jetpack-slideshow_container swiper-container\"><ul class=\"wp-block-jetpack-slideshow_swiper-wrapper swiper-wrapper\"><li class=\"wp-block-jetpack-slideshow_slide swiper-slide\"><figure><img decoding=\"async\" src=\"data:image\/gif;base64,R0lGODlhAQABAIAAAAAAAP\/\/\/ywAAAAAAQABAAACAUwAOw==\" fifu-lazy=\"1\" fifu-data-sizes=\"auto\" fifu-data-srcset=\"https:\/\/i3.wp.com\/www.interaccionnoticias.com.mx\/wp-content\/uploads\/2025\/01\/250102-Jonathan-Cortes-Gallardo-813x1024.jpg?ssl=1&w=75&resize=75&ssl=1 75w, https:\/\/i3.wp.com\/www.interaccionnoticias.com.mx\/wp-content\/uploads\/2025\/01\/250102-Jonathan-Cortes-Gallardo-813x1024.jpg?ssl=1&w=100&resize=100&ssl=1 100w, https:\/\/i3.wp.com\/www.interaccionnoticias.com.mx\/wp-content\/uploads\/2025\/01\/250102-Jonathan-Cortes-Gallardo-813x1024.jpg?ssl=1&w=150&resize=150&ssl=1 150w, https:\/\/i3.wp.com\/www.interaccionnoticias.com.mx\/wp-content\/uploads\/2025\/01\/250102-Jonathan-Cortes-Gallardo-813x1024.jpg?ssl=1&w=240&resize=240&ssl=1 240w, https:\/\/i3.wp.com\/www.interaccionnoticias.com.mx\/wp-content\/uploads\/2025\/01\/250102-Jonathan-Cortes-Gallardo-813x1024.jpg?ssl=1&w=320&resize=320&ssl=1 320w, https:\/\/i3.wp.com\/www.interaccionnoticias.com.mx\/wp-content\/uploads\/2025\/01\/250102-Jonathan-Cortes-Gallardo-813x1024.jpg?ssl=1&w=500&resize=500&ssl=1 500w, https:\/\/i3.wp.com\/www.interaccionnoticias.com.mx\/wp-content\/uploads\/2025\/01\/250102-Jonathan-Cortes-Gallardo-813x1024.jpg?ssl=1&w=640&resize=640&ssl=1 640w, https:\/\/i3.wp.com\/www.interaccionnoticias.com.mx\/wp-content\/uploads\/2025\/01\/250102-Jonathan-Cortes-Gallardo-813x1024.jpg?ssl=1&w=800&resize=800&ssl=1 800w, https:\/\/i3.wp.com\/www.interaccionnoticias.com.mx\/wp-content\/uploads\/2025\/01\/250102-Jonathan-Cortes-Gallardo-813x1024.jpg?ssl=1&w=1024&resize=1024&ssl=1 1024w, https:\/\/i3.wp.com\/www.interaccionnoticias.com.mx\/wp-content\/uploads\/2025\/01\/250102-Jonathan-Cortes-Gallardo-813x1024.jpg?ssl=1&w=1280&resize=1280&ssl=1 1280w, https:\/\/i3.wp.com\/www.interaccionnoticias.com.mx\/wp-content\/uploads\/2025\/01\/250102-Jonathan-Cortes-Gallardo-813x1024.jpg?ssl=1&w=1600&resize=1600&ssl=1 1600w\" alt=\"\" class=\"wp-block-jetpack-slideshow_image wp-image-85932\" data-id=\"85932\" fifu-data-src=\"https:\/\/i3.wp.com\/www.interaccionnoticias.com.mx\/wp-content\/uploads\/2025\/01\/250102-Jonathan-Cortes-Gallardo-813x1024.jpg?ssl=1\"\/><\/figure><\/li><\/ul><a class=\"wp-block-jetpack-slideshow_button-prev swiper-button-prev swiper-button-white\" role=\"button\"><\/a><a class=\"wp-block-jetpack-slideshow_button-next swiper-button-next swiper-button-white\" role=\"button\"><\/a><a aria-label=\"Pause Slideshow\" class=\"wp-block-jetpack-slideshow_button-pause\" role=\"button\"><\/a><div class=\"wp-block-jetpack-slideshow_pagination swiper-pagination swiper-pagination-white\"><\/div><\/div><\/div>\n","protected":false},"excerpt":{"rendered":"<p>&#8212; Efr\u00e9n Cort\u00e9s Ch\u00e1vez, ex integrante del ERPI reporta que su sobrino, Jonathan Cort\u00e9s Gallardo no es localizado desde el 30 de diciembre del 2024 Yasm\u00edn Garc\u00eda El ex integrante&hellip; <\/p>\n","protected":false},"author":32,"featured_media":85933,"comment_status":"open","ping_status":"open","sticky":false,"template":"","format":"standard","meta":{"fifu_image_url":"","fifu_image_alt":"","footnotes":""},"categories":[247],"tags":[],"class_list":["post-85931","post","type-post","status-publish","format-standard","has-post-thumbnail","hentry","category-lo-has-visto"],"_links":{"self":[{"href":"https:\/\/www.interaccionnoticias.com.mx\/index.php?rest_route=\/wp\/v2\/posts\/85931","targetHints":{"allow":["GET"]}}],"collection":[{"href":"https:\/\/www.interaccionnoticias.com.mx\/index.php?rest_route=\/wp\/v2\/posts"}],"about":[{"href":"https:\/\/www.interaccionnoticias.com.mx\/index.php?rest_route=\/wp\/v2\/types\/post"}],"author":[{"embeddable":true,"href":"https:\/\/www.interaccionnoticias.com.mx\/index.php?rest_route=\/wp\/v2\/users\/32"}],"replies":[{"embeddable":true,"href":"https:\/\/www.interaccionnoticias.com.mx\/index.php?rest_route=%2Fwp%2Fv2%2Fcomments&post=85931"}],"version-history":[{"count":2,"href":"https:\/\/www.interaccionnoticias.com.mx\/index.php?rest_route=\/wp\/v2\/posts\/85931\/revisions"}],"predecessor-version":[{"id":85935,"href":"https:\/\/www.interaccionnoticias.com.mx\/index.php?rest_route=\/wp\/v2\/posts\/85931\/revisions\/85935"}],"wp:featuredmedia":[{"embeddable":true,"href":"https:\/\/www.interaccionnoticias.com.mx\/index.php?rest_route=\/wp\/v2\/media\/85933"}],"wp:attachment":[{"href":"https:\/\/www.interaccionnoticias.com.mx\/index.php?rest_route=%2Fwp%2Fv2%2Fmedia&parent=85931"}],"wp:term":[{"taxonomy":"category","embeddable":true,"href":"https:\/\/www.interaccionnoticias.com.mx\/index.php?rest_route=%2Fwp%2Fv2%2Fcategories&post=85931"},{"taxonomy":"post_tag","embeddable":true,"href":"https:\/\/www.interaccionnoticias.com.mx\/index.php?rest_route=%2Fwp%2Fv2%2Ftags&post=85931"}],"curies":[{"name":"wp","href":"https:\/\/api.w.org\/{rel}","templated":true}]}}