{"id":85824,"date":"2024-12-28T10:34:27","date_gmt":"2024-12-28T16:34:27","guid":{"rendered":"https:\/\/www.interaccionnoticias.com.mx\/?p=85824"},"modified":"2024-12-28T10:34:55","modified_gmt":"2024-12-28T16:34:55","slug":"maremagnum-183","status":"publish","type":"post","link":"https:\/\/www.interaccionnoticias.com.mx\/?p=85824","title":{"rendered":"Donald Trump declara la guerra a Claudia Sheinbaum"},"content":{"rendered":"\n<p><strong>MAREM\u00c1GNUM 183<\/strong><\/p>\n\n\n\n<p><strong>Por Ricardo Castillo Barrientos<\/strong><\/p>\n\n\n\n<p>Mal aconsejado por sus asesores, el presidente norteamericano Donald Trump, rompi\u00f3 lanzas y declar\u00f3 &nbsp;una guerra intermitente a la presidenta de M\u00e9xico, Claudia Sheinbaum, por no alinearse a sus dictados imperiales y rebelarse contra la energ\u00famena pol\u00edtica internacional del magnate gringo, quien por todos los medios busca someter a sus pa\u00edses vecinos -Canad\u00e1 y M\u00e9xico-, incorpor\u00e1ndolos a la Uni\u00f3n Americana, como los estados 51 y 52, con su respectiva estrella en la bandera nacional.<\/p>\n\n\n\n<p>Para sus prop\u00f3sitos guerreristas e intervencionistas, Donald Trump, ha calificado a los criminales <strong>c\u00e1rteles mexicanos<\/strong> como \u201c<strong>organizaciones terroristas<\/strong>\u201d, porque considera que le han provocado a su naci\u00f3n m\u00e1s de 100 mil muertos cada a\u00f1o, por el alto consumo de <strong>fentanilo<\/strong> de sus conciudadanos, cifra muy superior al n\u00famero de v\u00edctimas del ataque a la Torres Gemelas y a otras guerras de menor intensidad.<\/p>\n\n\n\n<p>Por tal motivo, ha designado a figuras anti-mexicanas en su gabinete como el \u201cZar de la Frontera\u201d. Tom Homan, ex director del Servicio de Inmigraci\u00f3n y Control de Aduanas <strong>(ICE<\/strong>); Ronald Johnson, embajador en M\u00e9xico, es agente prominente de la <strong>CIA<\/strong> y ex embajador en El Salvador, muy cercano a las pol\u00edticas de exterminio de la delincuencia del presidente salvadore\u00f1o Nayib Bukele y Marco Rubio, secretario del Departamento de Estado, de origen cubano y enemigo declarado de M\u00e9xico.<\/p>\n\n\n\n<p>Con estos personajes se pretende realizar una invasi\u00f3n armada o subrepticia a nuestro pa\u00eds, con m\u00e9todos nada ortodoxos hasta lograr la eliminaci\u00f3n o captura <em>in situ,<\/em> de los principales capos mexicanos, que tienen asolados al imperio norteamericano, con cohetes teledirigidos o drones de largo alcance.<\/p>\n\n\n\n<p>El gobierno mexicano mediante la presidenta Sheinbaum, asegur\u00f3 no estar dispuesto bajo ninguna circunstancia o condici\u00f3n, permitir la injerencia belicista a nuestro territorio y si es necesario, se har\u00e1 valer la m\u00e1xima del glorioso Himno Nacional: \u201cUn soldado en cada hijo te dio\u201d; adem\u00e1s del respaldo de numerosos batallones de migrantes que de esa manera se introducir\u00edan a los Estados Unidos, en busca del \u201c<strong>sue\u00f1o americano<\/strong>\u201d, por lo tanto, est\u00e1 condenada al fracaso la declaratoria de guerra del presidente Trump.<\/p>\n\n\n\n<p><strong>Marea Baja.-<\/strong> El estado de Guerrero se perfila a ubicarse entre las mejores posiciones del desarrollo nacional, por el inminente despegue tecnol\u00f3gico e industrial de la entidad, por la instalaci\u00f3n de <strong>Polos del Bienestar<\/strong>, en cada una de las regiones, aprobados por la presidenta Sheinbaum Pardo para sacar en definitiva a Guerrero del atraso total.<\/p>\n\n\n\n<p>Estos ben\u00e9ficos <strong>Polos del Bienestar<\/strong> dar\u00e1n nuevos empleos a m\u00e1s de 100 mil guerrerenses, en la actualidad se encuentran desempleados y ya no va ser necesario irse a trabajar al norte del pa\u00eds, con estas nuevas fuentes de empleos bien remuneradas.<\/p>\n\n\n\n<p><strong>Marea Alta.-<\/strong> Debido al clima de inseguridad y de violencia que prevalece en Guerrero, los obispos y sacerdotes tomar\u00e1n el tim\u00f3n para interactuar con los grupos criminales y conminarlos a plegarse a la derecha, a fin de pacificar los municipios donde han sentado sus reales en la \u00faltima d\u00e9cada.<\/p>\n\n\n\n<p>Con estas medidas de car\u00e1cter religioso se volver\u00e1 a la normalidad, como en las mejores \u00e9pocas donde la tranquilidad y armon\u00eda social reinaba por doquier para felicidad de los habitantes guerrerenses, que actualmente sufren las de Ca\u00edn, con tantos hechos sangrientos por todos los rincones de la geograf\u00eda suriana.<\/p>\n\n\n\n<p><strong>Maremoto.-<\/strong> Casi todos los politicastros de la regi\u00f3n se encuentran resguardados o escondidos en sus refugios, porque, el pr\u00f3ximo seis de enero se pondr\u00e1 en marcha una nueva \u201c<strong>Operaci\u00f3n Enjambre<\/strong>\u201d, en el estado de Guerrero, mucho m\u00e1s amplia a la realizada en el estado de M\u00e9xico.<\/p>\n\n\n\n<p>Se tiene conocimiento por fuentes del alto mando, en una lista preliminar est\u00e1n involucrados los senadores F\u00e9lix Salgado Macedonio y Manuel A\u00f1orve Ba\u00f1os, los presidentes de MORENA y PRI, Jacinto Gonz\u00e1lez Varona y Alejandro Bravo Abarca, el presidente de la JUCOPO, Jes\u00fas Uri\u00f3stegui Garc\u00eda, el secretario general de Gobierno, Francisco Rodr\u00edguez Cisneros, el alcalde capitalino Gustavo Alarc\u00f3n Herrera, el ex alcalde Mario Moreno Arcos, el empresario Pedro Segura y una decena m\u00e1s de figuras pol\u00edticas relevantes.<\/p>\n\n\n\n<p>Se tiene contemplado para el pr\u00f3ximo 14 de febrero una nueva y larga lista de aprehensiones de personajes femeninos de la pol\u00edtica local, entre las cuales se encuentran: Abelina L\u00f3pez Rodr\u00edguez, presidenta de Acapulco, la ex alcaldesa Norma Otilia Hern\u00e1ndez Mart\u00ednez, Aciadeth Rocha, ex alcaldesa de Xochistlahuaca y Maricela Ruiz Massieu, ex funcionaria de gobierno y una veintena de f\u00e9minas m\u00e1s.<\/p>\n\n\n\n<p>PD: Inocente palomita que te dejaste enga\u00f1ar, sabiendo que en este d\u00eda, en nadie se debe confiar<strong>. \u00a1Feliz Dia de los Santos Inocentes!<\/strong><\/p>\n","protected":false},"excerpt":{"rendered":"<p>MAREM\u00c1GNUM 183 Por Ricardo Castillo Barrientos Mal aconsejado por sus asesores, el presidente norteamericano Donald Trump, rompi\u00f3 lanzas y declar\u00f3 &nbsp;una guerra intermitente a la presidenta de M\u00e9xico, Claudia Sheinbaum,&hellip; <\/p>\n","protected":false},"author":19,"featured_media":71218,"comment_status":"open","ping_status":"open","sticky":false,"template":"","format":"standard","meta":{"fifu_image_url":"","fifu_image_alt":"","footnotes":""},"categories":[16],"tags":[],"class_list":["post-85824","post","type-post","status-publish","format-standard","has-post-thumbnail","hentry","category-opinion"],"_links":{"self":[{"href":"https:\/\/www.interaccionnoticias.com.mx\/index.php?rest_route=\/wp\/v2\/posts\/85824","targetHints":{"allow":["GET"]}}],"collection":[{"href":"https:\/\/www.interaccionnoticias.com.mx\/index.php?rest_route=\/wp\/v2\/posts"}],"about":[{"href":"https:\/\/www.interaccionnoticias.com.mx\/index.php?rest_route=\/wp\/v2\/types\/post"}],"author":[{"embeddable":true,"href":"https:\/\/www.interaccionnoticias.com.mx\/index.php?rest_route=\/wp\/v2\/users\/19"}],"replies":[{"embeddable":true,"href":"https:\/\/www.interaccionnoticias.com.mx\/index.php?rest_route=%2Fwp%2Fv2%2Fcomments&post=85824"}],"version-history":[{"count":2,"href":"https:\/\/www.interaccionnoticias.com.mx\/index.php?rest_route=\/wp\/v2\/posts\/85824\/revisions"}],"predecessor-version":[{"id":85826,"href":"https:\/\/www.interaccionnoticias.com.mx\/index.php?rest_route=\/wp\/v2\/posts\/85824\/revisions\/85826"}],"wp:featuredmedia":[{"embeddable":true,"href":"https:\/\/www.interaccionnoticias.com.mx\/index.php?rest_route=\/wp\/v2\/media\/71218"}],"wp:attachment":[{"href":"https:\/\/www.interaccionnoticias.com.mx\/index.php?rest_route=%2Fwp%2Fv2%2Fmedia&parent=85824"}],"wp:term":[{"taxonomy":"category","embeddable":true,"href":"https:\/\/www.interaccionnoticias.com.mx\/index.php?rest_route=%2Fwp%2Fv2%2Fcategories&post=85824"},{"taxonomy":"post_tag","embeddable":true,"href":"https:\/\/www.interaccionnoticias.com.mx\/index.php?rest_route=%2Fwp%2Fv2%2Ftags&post=85824"}],"curies":[{"name":"wp","href":"https:\/\/api.w.org\/{rel}","templated":true}]}}