{"id":85803,"date":"2024-12-27T15:49:05","date_gmt":"2024-12-27T21:49:05","guid":{"rendered":"https:\/\/www.interaccionnoticias.com.mx\/?p=85803"},"modified":"2024-12-27T15:49:50","modified_gmt":"2024-12-27T21:49:50","slug":"ninguno-a-planteado-llamar-a-comparecer-al-titular-de-la-fge","status":"publish","type":"post","link":"https:\/\/www.interaccionnoticias.com.mx\/?p=85803","title":{"rendered":"Ninguno de los 46 diputados locales de Guerrero a planteado llamar a comparecer al titular de la FGE"},"content":{"rendered":"\n<p><strong><em>&#8212; La Comisi\u00f3n de Justicia refiere que se est\u00e1 dando el espacio necesario para que el fiscal realice su trabajo<\/em><\/strong><\/p>\n\n\n\n<p><strong>Rogelio Agust\u00edn<\/strong><\/p>\n\n\n\n<p>Hasta el momento, ninguno de los 46 diputados locales de Guerrero ha considerado la posibilidad de llamar a comparecer al titular de la Fiscal\u00eda General del Estado (FGE) Zipagn\u00e1 Jes\u00fas Torres Ojeda, pese a la cantidad de hechos delictivos que se han registrado en diferentes puntos de la entidad.<\/p>\n\n\n\n<p>Carlos Eduardo Bello Solano, presidente de la comisi\u00f3n de Justicia del Congreso de Guerrero, se\u00f1al\u00f3 que la atribuci\u00f3n legal para llamar a comparecer a un funcionario es de la Junta de Coordinaci\u00f3n Pol\u00edtica (JUCOPO) del Congreso local.<\/p>\n\n\n\n<p>Sin embargo, destac\u00f3 que en caso de que los integrantes de la comisi\u00f3n que \u00e9l preside, consideraran que existen elementos para llamar a comparecer al titular de la FGE, Zipagn\u00e1 Jes\u00fas Torres Ojeda, entonces se har\u00eda el planteamiento a la JUCOPO.<\/p>\n\n\n\n<p>Para estar en un escenario de esa naturaleza, destac\u00f3 que se tendr\u00eda que percibir un incremento de la incidencia delictiva en la entidad.<\/p>\n\n\n\n<p>Bajo dicha consideraci\u00f3n, se pregunt\u00f3 al integrante de la bancada de MORENA si no consideran que ya hay elementos suficientes para llamar a comparecer al titular de la FGE, dada la cantidad de asesinatos de alto impacto que se han generado durante los \u00faltimos meses.<\/p>\n\n\n\n<p>La respuesta del legislador local fue evasiva, pues se limit\u00f3 a se\u00f1alar que hasta el momento, ning\u00fan representante popular, de los 46 que integran al Poder Legislativo de Guerrero ha considerado la necesidad de llamar a comparecer al titular de la FGE.<\/p>\n\n\n\n<p>Al menos en la comisi\u00f3n de Justicia, que \u00e9l preside, indic\u00f3 que nadie de manera formal ha hecho la propuesta, en el entendido de que los diputados locales est\u00e1n dando el espacio correspondiente para que la FGE realice su trabajo.<\/p>\n\n\n\n<p>Una vez que los diputados analicen los resultados que aporte la FGE en temas espec\u00edficos, dijo que los diputados habr\u00e1n de analizar si es procedente llamarlo a comparecer, aunque por el momento, insisti\u00f3 en que nadie ha hecho una propuesta que vaya en ese sentido.<\/p>\n","protected":false},"excerpt":{"rendered":"<p>&#8212; La Comisi\u00f3n de Justicia refiere que se est\u00e1 dando el espacio necesario para que el fiscal realice su trabajo Rogelio Agust\u00edn Hasta el momento, ninguno de los 46 diputados&hellip; <\/p>\n","protected":false},"author":21,"featured_media":85804,"comment_status":"open","ping_status":"open","sticky":false,"template":"","format":"standard","meta":{"fifu_image_url":"","fifu_image_alt":"","footnotes":""},"categories":[2],"tags":[],"class_list":["post-85803","post","type-post","status-publish","format-standard","has-post-thumbnail","hentry","category-congreso"],"_links":{"self":[{"href":"https:\/\/www.interaccionnoticias.com.mx\/index.php?rest_route=\/wp\/v2\/posts\/85803","targetHints":{"allow":["GET"]}}],"collection":[{"href":"https:\/\/www.interaccionnoticias.com.mx\/index.php?rest_route=\/wp\/v2\/posts"}],"about":[{"href":"https:\/\/www.interaccionnoticias.com.mx\/index.php?rest_route=\/wp\/v2\/types\/post"}],"author":[{"embeddable":true,"href":"https:\/\/www.interaccionnoticias.com.mx\/index.php?rest_route=\/wp\/v2\/users\/21"}],"replies":[{"embeddable":true,"href":"https:\/\/www.interaccionnoticias.com.mx\/index.php?rest_route=%2Fwp%2Fv2%2Fcomments&post=85803"}],"version-history":[{"count":2,"href":"https:\/\/www.interaccionnoticias.com.mx\/index.php?rest_route=\/wp\/v2\/posts\/85803\/revisions"}],"predecessor-version":[{"id":85806,"href":"https:\/\/www.interaccionnoticias.com.mx\/index.php?rest_route=\/wp\/v2\/posts\/85803\/revisions\/85806"}],"wp:featuredmedia":[{"embeddable":true,"href":"https:\/\/www.interaccionnoticias.com.mx\/index.php?rest_route=\/wp\/v2\/media\/85804"}],"wp:attachment":[{"href":"https:\/\/www.interaccionnoticias.com.mx\/index.php?rest_route=%2Fwp%2Fv2%2Fmedia&parent=85803"}],"wp:term":[{"taxonomy":"category","embeddable":true,"href":"https:\/\/www.interaccionnoticias.com.mx\/index.php?rest_route=%2Fwp%2Fv2%2Fcategories&post=85803"},{"taxonomy":"post_tag","embeddable":true,"href":"https:\/\/www.interaccionnoticias.com.mx\/index.php?rest_route=%2Fwp%2Fv2%2Ftags&post=85803"}],"curies":[{"name":"wp","href":"https:\/\/api.w.org\/{rel}","templated":true}]}}