{"id":85799,"date":"2024-12-27T15:39:02","date_gmt":"2024-12-27T21:39:02","guid":{"rendered":"https:\/\/www.interaccionnoticias.com.mx\/?p=85799"},"modified":"2024-12-27T15:40:33","modified_gmt":"2024-12-27T21:40:33","slug":"la-feria-de-navidad-y-ano-nuevo-no-se-ha-suspendido","status":"publish","type":"post","link":"https:\/\/www.interaccionnoticias.com.mx\/?p=85799","title":{"rendered":"La Feria de Navidad y A\u00f1o Nuevo no se ha suspendido, confirma el Gobierno de Guerrero"},"content":{"rendered":"\n<p><strong><em>&#8212; El Ayuntamiento de Chilpancingo y el Patronato no han dado a conocer su determinaci\u00f3n de cancelar de manera definitiva<br>&#8212; Estado y Federaci\u00f3n implementan dispositivo de seguridad en las instalaciones<\/em><\/strong><\/p>\n\n\n\n<p><strong>Rogelio Agust\u00edn<\/strong><\/p>\n\n\n\n<p>El subsecretario de Asuntos Pol\u00edticos de la Secretar\u00eda General de Gobierno, Francisco Rodr\u00edguez Cisneros confirm\u00f3 que Estado y Federaci\u00f3n se encuentran resguardando las instalaciones de la Feria de San Mateo, Navidad y A\u00f1o Nuevo, ya que hasta el momento no se ha determinado la suspensi\u00f3n definitiva.<\/p>\n\n\n\n<p>Rodr\u00edguez Cisneros destac\u00f3 que las autoridades estatales mantienen una comunicaci\u00f3n permanente con el presidente municipal de Chilpancingo, Gustavo Alarc\u00f3n Herrera.<\/p>\n\n\n\n<p>Indic\u00f3 que tras el asesinato de Roberto Mart\u00edn Ram\u00edrez Ruiz, presidente del Patronato de la Feria de Navidad y A\u00f1o Nuevo, junto con su colaborador Jos\u00e9 Vidal Nava, los trabajaos de vigilancia se incrementaron en puntos estrat\u00e9gicos de la capital del estado, para resguardar la integridad de la poblaci\u00f3n.<\/p>\n\n\n\n<p>Respecto al doble asesinato cometido en la plazuela de San Mateo, dijo que ya existe una carpeta de investigaci\u00f3n integrada por la Fiscal\u00eda General del Estado (FGE) por el delito de Homicidio Calificado, de tal suerte que la investigaci\u00f3n ya se encuentra en curso y es la Fiscal\u00eda la que en su momento dar\u00e1 a conocer los resultados.<\/p>\n\n\n\n<p>Lo que s\u00ed destac\u00f3, es que la comunicaci\u00f3n con el alcalde Alarc\u00f3n Herrera ha sido permanente y que hasta el momento la posici\u00f3n que se mantiene es en el sentido de que la Feria de Navidad se mantiene en pie, a pesar de que gran parte de los comerciantes locales decidieron retirarse por motivos de seguridad.<\/p>\n\n\n\n<p>Rodr\u00edguez manifest\u00f3 que hay persona de la Polic\u00eda del Estado, del Ej\u00e9rcito Mexicano y de la Guardia Nacional (GN) que se encuentra realizando el trabajo de vigilancia en las instalaciones de la Feria de san Mateo.<\/p>\n\n\n\n<p>Respecto a la cancelaci\u00f3n de los artistas que se presentar\u00edan en la Plaza de Toros y el Teatro del Pueblo, el subsecretario de Asuntos Pol\u00edticos dijo que la posible reactivaci\u00f3n de los espect\u00e1culos es una decisi\u00f3n que deben tomar las autoridades municipales y el Patronato de la Feria, cuyo presidente fue asesinado la noche del 24 de diciembre.<\/p>\n\n\n\n<p>Lo que s\u00ed destac\u00f3, es que la postura del alcalde de Chilpancingo es que la Feria de Navidad y A\u00f1o Nuevo se mantiene, de tal suerte que no se ha planteado la suspensi\u00f3n definitiva, por eso es que las autoridades del Estado y Federaci\u00f3n se han dado a la tarea de implementar un dispositivo de seguridad, para garantizar la integridad de los visitantes.<\/p>\n","protected":false},"excerpt":{"rendered":"<p>&#8212; El Ayuntamiento de Chilpancingo y el Patronato no han dado a conocer su determinaci\u00f3n de cancelar de manera definitiva&#8212; Estado y Federaci\u00f3n implementan dispositivo de seguridad en las instalaciones&hellip; <\/p>\n","protected":false},"author":21,"featured_media":85800,"comment_status":"open","ping_status":"open","sticky":false,"template":"","format":"standard","meta":{"fifu_image_url":"","fifu_image_alt":"","footnotes":""},"categories":[11],"tags":[],"class_list":["post-85799","post","type-post","status-publish","format-standard","has-post-thumbnail","hentry","category-guerrero"],"_links":{"self":[{"href":"https:\/\/www.interaccionnoticias.com.mx\/index.php?rest_route=\/wp\/v2\/posts\/85799","targetHints":{"allow":["GET"]}}],"collection":[{"href":"https:\/\/www.interaccionnoticias.com.mx\/index.php?rest_route=\/wp\/v2\/posts"}],"about":[{"href":"https:\/\/www.interaccionnoticias.com.mx\/index.php?rest_route=\/wp\/v2\/types\/post"}],"author":[{"embeddable":true,"href":"https:\/\/www.interaccionnoticias.com.mx\/index.php?rest_route=\/wp\/v2\/users\/21"}],"replies":[{"embeddable":true,"href":"https:\/\/www.interaccionnoticias.com.mx\/index.php?rest_route=%2Fwp%2Fv2%2Fcomments&post=85799"}],"version-history":[{"count":2,"href":"https:\/\/www.interaccionnoticias.com.mx\/index.php?rest_route=\/wp\/v2\/posts\/85799\/revisions"}],"predecessor-version":[{"id":85802,"href":"https:\/\/www.interaccionnoticias.com.mx\/index.php?rest_route=\/wp\/v2\/posts\/85799\/revisions\/85802"}],"wp:featuredmedia":[{"embeddable":true,"href":"https:\/\/www.interaccionnoticias.com.mx\/index.php?rest_route=\/wp\/v2\/media\/85800"}],"wp:attachment":[{"href":"https:\/\/www.interaccionnoticias.com.mx\/index.php?rest_route=%2Fwp%2Fv2%2Fmedia&parent=85799"}],"wp:term":[{"taxonomy":"category","embeddable":true,"href":"https:\/\/www.interaccionnoticias.com.mx\/index.php?rest_route=%2Fwp%2Fv2%2Fcategories&post=85799"},{"taxonomy":"post_tag","embeddable":true,"href":"https:\/\/www.interaccionnoticias.com.mx\/index.php?rest_route=%2Fwp%2Fv2%2Ftags&post=85799"}],"curies":[{"name":"wp","href":"https:\/\/api.w.org\/{rel}","templated":true}]}}