{"id":85770,"date":"2024-12-26T15:44:00","date_gmt":"2024-12-26T21:44:00","guid":{"rendered":"https:\/\/www.interaccionnoticias.com.mx\/?p=85770"},"modified":"2024-12-26T22:24:49","modified_gmt":"2024-12-27T04:24:49","slug":"congreso-de-guerrero-guarda-un-minuto-de-silencio","status":"publish","type":"post","link":"https:\/\/www.interaccionnoticias.com.mx\/?p=85770","title":{"rendered":"Congreso de Guerrero guarda un minuto de silencio, tras la violencia de los \u00faltimos d\u00edas"},"content":{"rendered":"\n<p><strong><em>&#8212; No hubo alusi\u00f3n directa al crimen perpetrado en contra del presidente Patronato de la Feria de Navidad y A\u00f1o Nuevo<\/em><\/strong><\/p>\n\n\n\n<p><strong>Rosario Garc\u00eda Orozco<\/strong><\/p>\n\n\n\n<p>El Pleno del Congreso local guard\u00f3 un minuto de silencio \u00abpor los lamentables acontecimientos registrados \u00faltimamente\u00bb, sin mencionar si se refer\u00edan en concreto al asesinato de Mart\u00edn Roberto Ram\u00edrez Ruiz, presidente del Patronato de la Feria de San Mateo, Navidad y A\u00f1o Nuevo, atacado a balazos junto a su colaborador Jos\u00e9 Vidal Nava.<\/p>\n\n\n\n<p>La sesi\u00f3n de este jueves fue convocada para las 13:00 horas, sin embargo comenz\u00f3 con un retraso de 90 minutos.<\/p>\n\n\n\n<p>En la apertura del encuentro legislativo, el presidente de la Mesa Directiva, Jes\u00fas Parra Garc\u00eda solicit\u00f3 a sus compa\u00f1eros guardar un minuto de silencio, pero no hizo un se\u00f1alamiento concreto a la motivaci\u00f3n.<\/p>\n\n\n\n<p>\u201cPor los lamentables acontecimientos ocurridos \u00faltimamente\u201d, dijo en la solicitud al Pleno el ex alcalde de Chilapa.<\/p>\n\n\n\n<p>Sin embargo, los diputados de todos los partidos asociaron la petici\u00f3n con el asesinato perpetrado en contra del presidente del Patronato de la Feria de San Mateo, Navidad y A\u00f1o Nuevo y su colaborador, quienes fueron sepultados el mediod\u00eda de este jueves.<\/p>\n","protected":false},"excerpt":{"rendered":"<p>&#8212; No hubo alusi\u00f3n directa al crimen perpetrado en contra del presidente Patronato de la Feria de Navidad y A\u00f1o Nuevo Rosario Garc\u00eda Orozco El Pleno del Congreso local guard\u00f3&hellip; <\/p>\n","protected":false},"author":14,"featured_media":85771,"comment_status":"open","ping_status":"open","sticky":false,"template":"","format":"standard","meta":{"fifu_image_url":"","fifu_image_alt":"","footnotes":""},"categories":[2],"tags":[],"class_list":["post-85770","post","type-post","status-publish","format-standard","has-post-thumbnail","hentry","category-congreso"],"_links":{"self":[{"href":"https:\/\/www.interaccionnoticias.com.mx\/index.php?rest_route=\/wp\/v2\/posts\/85770","targetHints":{"allow":["GET"]}}],"collection":[{"href":"https:\/\/www.interaccionnoticias.com.mx\/index.php?rest_route=\/wp\/v2\/posts"}],"about":[{"href":"https:\/\/www.interaccionnoticias.com.mx\/index.php?rest_route=\/wp\/v2\/types\/post"}],"author":[{"embeddable":true,"href":"https:\/\/www.interaccionnoticias.com.mx\/index.php?rest_route=\/wp\/v2\/users\/14"}],"replies":[{"embeddable":true,"href":"https:\/\/www.interaccionnoticias.com.mx\/index.php?rest_route=%2Fwp%2Fv2%2Fcomments&post=85770"}],"version-history":[{"count":2,"href":"https:\/\/www.interaccionnoticias.com.mx\/index.php?rest_route=\/wp\/v2\/posts\/85770\/revisions"}],"predecessor-version":[{"id":85773,"href":"https:\/\/www.interaccionnoticias.com.mx\/index.php?rest_route=\/wp\/v2\/posts\/85770\/revisions\/85773"}],"wp:featuredmedia":[{"embeddable":true,"href":"https:\/\/www.interaccionnoticias.com.mx\/index.php?rest_route=\/wp\/v2\/media\/85771"}],"wp:attachment":[{"href":"https:\/\/www.interaccionnoticias.com.mx\/index.php?rest_route=%2Fwp%2Fv2%2Fmedia&parent=85770"}],"wp:term":[{"taxonomy":"category","embeddable":true,"href":"https:\/\/www.interaccionnoticias.com.mx\/index.php?rest_route=%2Fwp%2Fv2%2Fcategories&post=85770"},{"taxonomy":"post_tag","embeddable":true,"href":"https:\/\/www.interaccionnoticias.com.mx\/index.php?rest_route=%2Fwp%2Fv2%2Ftags&post=85770"}],"curies":[{"name":"wp","href":"https:\/\/api.w.org\/{rel}","templated":true}]}}