{"id":8576,"date":"2017-09-27T18:11:19","date_gmt":"2017-09-27T23:11:19","guid":{"rendered":"http:\/\/www.inter-accion.com.mx\/?p=8576"},"modified":"2017-09-27T18:11:19","modified_gmt":"2017-09-27T23:11:19","slug":"la-delincuencia-ya-nos-gano-dicen-padres-de-los-43-en-iguala","status":"publish","type":"post","link":"https:\/\/www.interaccionnoticias.com.mx\/?p=8576","title":{"rendered":"&quot;La delincuencia ya nos gan\u00f3\u201d, dicen padres de los 43 en Iguala"},"content":{"rendered":"<p><br \/>\n<strong>A tres a\u00f1os de los ataques en Iguala&nbsp;<\/strong><br \/>\nPadres de los 43 y estudiantes de la Normal Rural de Ayotzinapa marcharon en Iguala, en tanto que integrantes del Frente Unido de Normales Publicas del Estado de Guerrero (FUNPEG) se moviliz\u00f3 en Chilpancingo.<br \/>\nEn el marco del tercer aniversario de los ataques cometidos por elementos de la Polic\u00eda Preventiva y pistoleros del c\u00e1rtel de Guerreros Unidos (GU), los jefes de familia llegaron a la cuna de la bandera entrada la tarde del mi\u00e9rcoles 27 de septiembre.<br \/>\nPor la ma\u00f1ana desahogaron actividades en la Ciudad de M\u00e9xico, con la intenci\u00f3n de solicitar al gobierno federal que priorice la b\u00fasqueda con vida de los 43 alumnos desaparecidos 36 meses atr\u00e1s.<br \/>\nEl recorrido en el perif\u00e9rico, sobre la salida que lleva hacia Taxco de Alarc\u00f3n estuvo acompa\u00f1ado por la banda de guerra de la Ra\u00fal Isidro Burgos, despu\u00e9s caminaron los padres de los muchachos desaparecidos y en la parte final del contingente los integrantes de la base estudiantil.<br \/>\nHubo una escala en el punto en que se encontr\u00f3 el cad\u00e1ver desollado de Julio C\u00e9sar Mondrag\u00f3n Fontes, despu\u00e9s en el punto en que se gener\u00f3 el segundo ataque de la noche del 26 de septiembre, en donde fueron asesinados Julio C\u00e9sar Ram\u00edrez Nava y Daniel Sol\u00eds Gallardo.<br \/>\nLa actividad fue acompa\u00f1ada por integrantes de la Coordinadora Estatal de Trabajadores de la Educaci\u00f3n de Guerrero (CETEG) y organizaciones sociales con presencia en la regi\u00f3n Norte, quienes coincidieron en que este 26 y 27 de septiembre se llega al tercer aniversario en un contexto pleno de impunidad, porque hasta el momento no se ha hecho gran cosa por encontrar a los j\u00f3venes con vida, tampoco por sancionar a los verdaderos culpables.<br \/>\nEn el mensaje de la familia de Julio C\u00e9sar Mondrag\u00f3n Fontes, uno de los j\u00f3venes asesinados en el segundo ataque, el padre manifest\u00f3 que lamentablemente, por las omisiones en que incurren las autoridades de los tres niveles de gobierno y la propia sociedad, la delincuencia organizada est\u00e1 ganando la partida.<br \/>\n\u201cNo es correcto que los padres sepan que sus hijos est\u00e9n en la escuela, pero que la delincuencia los aceche y la verdad es que la delincuencia nos est\u00e1 ganando. En mi pueblo ya nos gan\u00f3\u201d, dijo el se\u00f1or Julio C\u00e9sar Mondrag\u00f3n Montes.&nbsp;&nbsp;&nbsp;&nbsp;&nbsp;&nbsp;&nbsp;<br \/>\nAntes, en Chilpancingo, integrantes del Frente Unido de Normales P\u00fablicas se reunieron en las inmediaciones de la Alameda Granados Maldonado, para iniciar una caminata que tuvo como punto final el monumento a las banderas, en las inmediaciones de la avenida L\u00e1zaro C\u00e1rdenas.<br \/>\nEn la concentraci\u00f3n hubo una serie de mensajes dirigidos en contra de la postura mostrada por la Procuradur\u00eda General de la Rep\u00fablica (PGR), en el sentido de no querer ir m\u00e1s all\u00e1 de lo que se conoce como la verdad hist\u00f3rica.<\/p>\n","protected":false},"excerpt":{"rendered":"<p>A tres a\u00f1os de los ataques en Iguala&nbsp; Padres de los 43 y estudiantes de la Normal Rural de Ayotzinapa marcharon en Iguala, en tanto que integrantes del Frente Unido&hellip; <\/p>\n","protected":false},"author":1,"featured_media":0,"comment_status":"closed","ping_status":"closed","sticky":false,"template":"","format":"standard","meta":{"fifu_image_url":"","fifu_image_alt":"","footnotes":""},"categories":[8,15],"tags":[],"class_list":["post-8576","post","type-post","status-publish","format-standard","hentry","category-featured","category-movimientos-sociales"],"_links":{"self":[{"href":"https:\/\/www.interaccionnoticias.com.mx\/index.php?rest_route=\/wp\/v2\/posts\/8576","targetHints":{"allow":["GET"]}}],"collection":[{"href":"https:\/\/www.interaccionnoticias.com.mx\/index.php?rest_route=\/wp\/v2\/posts"}],"about":[{"href":"https:\/\/www.interaccionnoticias.com.mx\/index.php?rest_route=\/wp\/v2\/types\/post"}],"author":[{"embeddable":true,"href":"https:\/\/www.interaccionnoticias.com.mx\/index.php?rest_route=\/wp\/v2\/users\/1"}],"replies":[{"embeddable":true,"href":"https:\/\/www.interaccionnoticias.com.mx\/index.php?rest_route=%2Fwp%2Fv2%2Fcomments&post=8576"}],"version-history":[{"count":0,"href":"https:\/\/www.interaccionnoticias.com.mx\/index.php?rest_route=\/wp\/v2\/posts\/8576\/revisions"}],"wp:attachment":[{"href":"https:\/\/www.interaccionnoticias.com.mx\/index.php?rest_route=%2Fwp%2Fv2%2Fmedia&parent=8576"}],"wp:term":[{"taxonomy":"category","embeddable":true,"href":"https:\/\/www.interaccionnoticias.com.mx\/index.php?rest_route=%2Fwp%2Fv2%2Fcategories&post=8576"},{"taxonomy":"post_tag","embeddable":true,"href":"https:\/\/www.interaccionnoticias.com.mx\/index.php?rest_route=%2Fwp%2Fv2%2Ftags&post=8576"}],"curies":[{"name":"wp","href":"https:\/\/api.w.org\/{rel}","templated":true}]}}