{"id":85745,"date":"2024-12-25T19:35:23","date_gmt":"2024-12-26T01:35:23","guid":{"rendered":"https:\/\/www.interaccionnoticias.com.mx\/?p=85745"},"modified":"2024-12-25T19:35:25","modified_gmt":"2024-12-26T01:35:25","slug":"con-impotencia-y-miedo-se-van-los-comerciantes-locales-de-la-feria-de-navidad-y-ano-nuevo","status":"publish","type":"post","link":"https:\/\/www.interaccionnoticias.com.mx\/?p=85745","title":{"rendered":"Con impotencia y miedo, se van los comerciantes locales de la Feria de Navidad y A\u00f1o Nuevo"},"content":{"rendered":"\n<p><strong><em>&#8212; \u201cNos duele en el alma lo que le pas\u00f3 al presidente del Patronato y el joven Jos\u00e9 Vidal\u201d, dicen a Gobernaci\u00f3n Municipal<br>&#8212; Todos los artistas de renombre nacional cancelaron su participaci\u00f3n en el Teatro del Pueblo y la Plaza de Toros<br>&#8212; El \u00e1rea de barras no se instalar\u00e1, no habr\u00e1 venta de alcohol<br>&#8212; Ofrecen seguridad para quienes decidan quedarse<br>&#8212; Con artistas locales, reactivar\u00edan s\u00f3lo el Teatro del Pueblo<\/em><\/strong><\/p>\n\n\n\n<p><strong>Rogelio Agust\u00edn<\/strong><\/p>\n\n\n\n<p>\u201cNos vamos porque no vemos condiciones de seguridad\u201d, dijo un grupo de comerciantes locales al director de Gobernaci\u00f3n Municipal, Iv\u00e1n Gervasio Nava, quien acudi\u00f3 a las instalaciones de la Feria de San Mateo, Navidad y A\u00f1o Nuevo para confirmar la cancelaci\u00f3n de los artistas programados para el Teatro del Pueblo y la Plaza de Toros Belisario Arteaga, adem\u00e1s de todas las barras que venden bebidas alcoh\u00f3licas.<\/p>\n\n\n\n<p>Los que decidieron retirarse son mayor\u00eda en casi todos los giros, en sus rostros se observ\u00f3 impotencia, miedo y la certeza de que no van a recuperar el recurso invertido en la instalaci\u00f3n de sus puestos, que va de 25 a 30 mil pesos, m\u00e1s los 4 mil 500 pesos que se pagaron por cada espacio de tres metros cuadrados.<\/p>\n\n\n\n<p>Durante parte importante de la jornada del mi\u00e9rcoles lo que prevaleci\u00f3 entre los locatarios fue la incertidumbre y el reclamo de que las autoridades acudieran a dar la cara.<\/p>\n\n\n\n<p>Casi a las 17:00 horas, el director de Gobernaci\u00f3n Municipal acudi\u00f3 en representaci\u00f3n del presidente municipal, Gustavo Alarc\u00f3n Herrera para informar la situaci\u00f3n que prevalece.<\/p>\n\n\n\n<p>\u201cVengo a decirles que debido a los acontecimientos que han sucedido, se ha cancelado la visita de artistas de talla nacional, pero se est\u00e1 haciendo lo posible para que se reactive y puedan asistir artistas locales al Teatro del Pueblo\u201d, dijo de entrada el funcionario.<\/p>\n\n\n\n<p>Hizo hincapi\u00e9 en el hecho de que las barras en donde se expenden bebidas alcoh\u00f3licas est\u00e1n suspendidas sin la posibilidad de reabrir.<\/p>\n\n\n\n<p>Ofreci\u00f3 que los comerciantes que decidan quedarse van a contar con todo el respaldo de la autoridad municipal, del Gobierno del Estado y de la Federaci\u00f3n.<\/p>\n\n\n\n<p>Los comerciantes agradecieron que un funcionario acudiera a dialogar con ellos a nombre del municipio, luego destacaron que conocieron a las v\u00edctimas mortales del ataque registrado la noche del martes en la plazuela de San Mateo.<\/p>\n\n\n\n<p>\u201cLos conocimos y nos duele en el alma la muerte de dos personas tan importantes, porque sab\u00edamos que ellos no ten\u00edan ning\u00fan problema\u201d.<\/p>\n\n\n\n<p>Una mujer que se coloc\u00f3 al frente de los comerciantes locales expuso: \u201cComo locataria yo me retiro, por seguridad, porque yo tengo una familia y no nos est\u00e1n garantizando nada\u201d.<\/p>\n\n\n\n<p>Destac\u00f3 que al no haber eventos en la plaza de toros ni en el Teatro del Pueblo, no llega la gente que hace consumo en los puestos, lo que genera la asfixia econ\u00f3mica.<\/p>\n\n\n\n<p>La mujer agreg\u00f3: \u201cNo estamos en condiciones, si hay un rembolso o para el pr\u00f3ximo a\u00f1o, pero de cualquier manera yo me retiro, yo soy de Chilpancingo y por muy machas que seamos, por muchos huevos que tengamos, yo no me quedo para arriesgar mi vida y la de mi familia\u201d.<\/p>\n\n\n\n<p>Otro var\u00f3n tom\u00f3 la palabra para manifestar lo complicado que resulta operar en las instalaciones de la Feria: \u201cNo contamos con seguridad, esto se debi\u00f3 evitar desde un principio, hubi\u00e9ramos trabajado nada m\u00e1s en el Pend\u00f3n y v\u00e1monos, uno quiere generar cierto ingreso para la familia, pero vemos claramente que no hay condiciones, si otros compa\u00f1eros se quieren quedar pues adelante, pero yo me voy porque tambi\u00e9n tengo familia\u201d.<\/p>\n\n\n\n<p>La administraci\u00f3n del Patronato les ofreci\u00f3 regresar solamente el 50 por ciento del contrato que pagaron, que es de 4 mil 500 pesos por un cada local de 3X3 metros, pero sin tomar en cuenta a quienes sub rentaron.<\/p>\n\n\n\n<p>Aunque inconformes, los comerciantes aceptaron los t\u00e9rminos del Ayuntamiento y del Patronato, sabedores de que la edici\u00f3n 2024 de la Feria de Navidad es de p\u00e9rdida.<\/p>\n\n\n\n<p>Entre los afectados hay locatarios que llevan m\u00e1s de 40 a\u00f1os trabajando en las instalaciones de la festividad m\u00e1s importante de la regi\u00f3n Centro de la entidad, entre ellos algunos for\u00e1neos que decidieron quedarse, porque el solo hecho de llegar a Guerrero represent\u00f3 un gasto que necesitan recuperar para regresar a sus lugares de origen.<\/p>\n\n\n\n<p>El director de Gobernaci\u00f3n dijo que los comerciantes que decidan quedarse, contar\u00e1n con protecci\u00f3n de la Guardia Nacional (GN) y de la Polic\u00eda del Estado.<\/p>\n\n\n\n<p>Jos\u00e9 Juan Campos, es un comerciante de art\u00edculos de piel que lleg\u00f3 desde Lagos de Moreno Jalisco, lleva 40 a\u00f1os instal\u00e1ndose en la Feria de Navidad y pese al contexto de violencia que ha permeado en Chilpancingo decidi\u00f3 venir para no romper con la tradici\u00f3n.<\/p>\n\n\n\n<p>El tard\u00f3 tres d\u00edas para instalar su puesto, que se encuentra en uno de los pasillos interiores, de tal suerte que para moverse tendr\u00eda que desmantelar y perder seis d\u00edas m\u00e1s ya es una opci\u00f3n que no puede tomar, lo que le queda es retirarse a un en contra de su voluntad.<\/p>\n\n\n\n<div class=\"wp-block-jetpack-slideshow aligncenter\" data-effect=\"slide\"><div class=\"wp-block-jetpack-slideshow_container swiper-container\"><ul class=\"wp-block-jetpack-slideshow_swiper-wrapper swiper-wrapper\"><li class=\"wp-block-jetpack-slideshow_slide swiper-slide\"><figure><img decoding=\"async\" src=\"data:image\/gif;base64,R0lGODlhAQABAIAAAAAAAP\/\/\/ywAAAAAAQABAAACAUwAOw==\" fifu-lazy=\"1\" fifu-data-sizes=\"auto\" fifu-data-srcset=\"https:\/\/i0.wp.com\/www.interaccionnoticias.com.mx\/wp-content\/uploads\/2024\/12\/241225-comerciantes-Feria-2-1024x683.jpg?ssl=1&w=75&resize=75&ssl=1 75w, https:\/\/i0.wp.com\/www.interaccionnoticias.com.mx\/wp-content\/uploads\/2024\/12\/241225-comerciantes-Feria-2-1024x683.jpg?ssl=1&w=100&resize=100&ssl=1 100w, https:\/\/i0.wp.com\/www.interaccionnoticias.com.mx\/wp-content\/uploads\/2024\/12\/241225-comerciantes-Feria-2-1024x683.jpg?ssl=1&w=150&resize=150&ssl=1 150w, https:\/\/i0.wp.com\/www.interaccionnoticias.com.mx\/wp-content\/uploads\/2024\/12\/241225-comerciantes-Feria-2-1024x683.jpg?ssl=1&w=240&resize=240&ssl=1 240w, https:\/\/i0.wp.com\/www.interaccionnoticias.com.mx\/wp-content\/uploads\/2024\/12\/241225-comerciantes-Feria-2-1024x683.jpg?ssl=1&w=320&resize=320&ssl=1 320w, https:\/\/i0.wp.com\/www.interaccionnoticias.com.mx\/wp-content\/uploads\/2024\/12\/241225-comerciantes-Feria-2-1024x683.jpg?ssl=1&w=500&resize=500&ssl=1 500w, https:\/\/i0.wp.com\/www.interaccionnoticias.com.mx\/wp-content\/uploads\/2024\/12\/241225-comerciantes-Feria-2-1024x683.jpg?ssl=1&w=640&resize=640&ssl=1 640w, https:\/\/i0.wp.com\/www.interaccionnoticias.com.mx\/wp-content\/uploads\/2024\/12\/241225-comerciantes-Feria-2-1024x683.jpg?ssl=1&w=800&resize=800&ssl=1 800w, https:\/\/i0.wp.com\/www.interaccionnoticias.com.mx\/wp-content\/uploads\/2024\/12\/241225-comerciantes-Feria-2-1024x683.jpg?ssl=1&w=1024&resize=1024&ssl=1 1024w, https:\/\/i0.wp.com\/www.interaccionnoticias.com.mx\/wp-content\/uploads\/2024\/12\/241225-comerciantes-Feria-2-1024x683.jpg?ssl=1&w=1280&resize=1280&ssl=1 1280w, https:\/\/i0.wp.com\/www.interaccionnoticias.com.mx\/wp-content\/uploads\/2024\/12\/241225-comerciantes-Feria-2-1024x683.jpg?ssl=1&w=1600&resize=1600&ssl=1 1600w\" alt=\"\" class=\"wp-block-jetpack-slideshow_image wp-image-85748\" data-id=\"85748\" fifu-data-src=\"https:\/\/i0.wp.com\/www.interaccionnoticias.com.mx\/wp-content\/uploads\/2024\/12\/241225-comerciantes-Feria-2-1024x683.jpg?ssl=1\"\/><\/figure><\/li><li class=\"wp-block-jetpack-slideshow_slide swiper-slide\"><figure><img decoding=\"async\" src=\"data:image\/gif;base64,R0lGODlhAQABAIAAAAAAAP\/\/\/ywAAAAAAQABAAACAUwAOw==\" fifu-lazy=\"1\" fifu-data-sizes=\"auto\" fifu-data-srcset=\"https:\/\/i3.wp.com\/www.interaccionnoticias.com.mx\/wp-content\/uploads\/2024\/12\/241225-comerciantes-Feria-1-1024x683.jpg?ssl=1&w=75&resize=75&ssl=1 75w, https:\/\/i3.wp.com\/www.interaccionnoticias.com.mx\/wp-content\/uploads\/2024\/12\/241225-comerciantes-Feria-1-1024x683.jpg?ssl=1&w=100&resize=100&ssl=1 100w, https:\/\/i3.wp.com\/www.interaccionnoticias.com.mx\/wp-content\/uploads\/2024\/12\/241225-comerciantes-Feria-1-1024x683.jpg?ssl=1&w=150&resize=150&ssl=1 150w, https:\/\/i3.wp.com\/www.interaccionnoticias.com.mx\/wp-content\/uploads\/2024\/12\/241225-comerciantes-Feria-1-1024x683.jpg?ssl=1&w=240&resize=240&ssl=1 240w, https:\/\/i3.wp.com\/www.interaccionnoticias.com.mx\/wp-content\/uploads\/2024\/12\/241225-comerciantes-Feria-1-1024x683.jpg?ssl=1&w=320&resize=320&ssl=1 320w, https:\/\/i3.wp.com\/www.interaccionnoticias.com.mx\/wp-content\/uploads\/2024\/12\/241225-comerciantes-Feria-1-1024x683.jpg?ssl=1&w=500&resize=500&ssl=1 500w, https:\/\/i3.wp.com\/www.interaccionnoticias.com.mx\/wp-content\/uploads\/2024\/12\/241225-comerciantes-Feria-1-1024x683.jpg?ssl=1&w=640&resize=640&ssl=1 640w, https:\/\/i3.wp.com\/www.interaccionnoticias.com.mx\/wp-content\/uploads\/2024\/12\/241225-comerciantes-Feria-1-1024x683.jpg?ssl=1&w=800&resize=800&ssl=1 800w, https:\/\/i3.wp.com\/www.interaccionnoticias.com.mx\/wp-content\/uploads\/2024\/12\/241225-comerciantes-Feria-1-1024x683.jpg?ssl=1&w=1024&resize=1024&ssl=1 1024w, https:\/\/i3.wp.com\/www.interaccionnoticias.com.mx\/wp-content\/uploads\/2024\/12\/241225-comerciantes-Feria-1-1024x683.jpg?ssl=1&w=1280&resize=1280&ssl=1 1280w, https:\/\/i3.wp.com\/www.interaccionnoticias.com.mx\/wp-content\/uploads\/2024\/12\/241225-comerciantes-Feria-1-1024x683.jpg?ssl=1&w=1600&resize=1600&ssl=1 1600w\" alt=\"\" class=\"wp-block-jetpack-slideshow_image wp-image-85747\" data-id=\"85747\" fifu-data-src=\"https:\/\/i3.wp.com\/www.interaccionnoticias.com.mx\/wp-content\/uploads\/2024\/12\/241225-comerciantes-Feria-1-1024x683.jpg?ssl=1\"\/><\/figure><\/li><li class=\"wp-block-jetpack-slideshow_slide swiper-slide\"><figure><img decoding=\"async\" src=\"data:image\/gif;base64,R0lGODlhAQABAIAAAAAAAP\/\/\/ywAAAAAAQABAAACAUwAOw==\" fifu-lazy=\"1\" fifu-data-sizes=\"auto\" fifu-data-srcset=\"https:\/\/i0.wp.com\/www.interaccionnoticias.com.mx\/wp-content\/uploads\/2024\/12\/241225-comerciantes-Feria-5-1024x683.jpg?ssl=1&w=75&resize=75&ssl=1 75w, https:\/\/i0.wp.com\/www.interaccionnoticias.com.mx\/wp-content\/uploads\/2024\/12\/241225-comerciantes-Feria-5-1024x683.jpg?ssl=1&w=100&resize=100&ssl=1 100w, https:\/\/i0.wp.com\/www.interaccionnoticias.com.mx\/wp-content\/uploads\/2024\/12\/241225-comerciantes-Feria-5-1024x683.jpg?ssl=1&w=150&resize=150&ssl=1 150w, https:\/\/i0.wp.com\/www.interaccionnoticias.com.mx\/wp-content\/uploads\/2024\/12\/241225-comerciantes-Feria-5-1024x683.jpg?ssl=1&w=240&resize=240&ssl=1 240w, https:\/\/i0.wp.com\/www.interaccionnoticias.com.mx\/wp-content\/uploads\/2024\/12\/241225-comerciantes-Feria-5-1024x683.jpg?ssl=1&w=320&resize=320&ssl=1 320w, https:\/\/i0.wp.com\/www.interaccionnoticias.com.mx\/wp-content\/uploads\/2024\/12\/241225-comerciantes-Feria-5-1024x683.jpg?ssl=1&w=500&resize=500&ssl=1 500w, https:\/\/i0.wp.com\/www.interaccionnoticias.com.mx\/wp-content\/uploads\/2024\/12\/241225-comerciantes-Feria-5-1024x683.jpg?ssl=1&w=640&resize=640&ssl=1 640w, https:\/\/i0.wp.com\/www.interaccionnoticias.com.mx\/wp-content\/uploads\/2024\/12\/241225-comerciantes-Feria-5-1024x683.jpg?ssl=1&w=800&resize=800&ssl=1 800w, https:\/\/i0.wp.com\/www.interaccionnoticias.com.mx\/wp-content\/uploads\/2024\/12\/241225-comerciantes-Feria-5-1024x683.jpg?ssl=1&w=1024&resize=1024&ssl=1 1024w, https:\/\/i0.wp.com\/www.interaccionnoticias.com.mx\/wp-content\/uploads\/2024\/12\/241225-comerciantes-Feria-5-1024x683.jpg?ssl=1&w=1280&resize=1280&ssl=1 1280w, https:\/\/i0.wp.com\/www.interaccionnoticias.com.mx\/wp-content\/uploads\/2024\/12\/241225-comerciantes-Feria-5-1024x683.jpg?ssl=1&w=1600&resize=1600&ssl=1 1600w\" alt=\"\" class=\"wp-block-jetpack-slideshow_image wp-image-85746\" data-id=\"85746\" fifu-data-src=\"https:\/\/i0.wp.com\/www.interaccionnoticias.com.mx\/wp-content\/uploads\/2024\/12\/241225-comerciantes-Feria-5-1024x683.jpg?ssl=1\"\/><\/figure><\/li><li class=\"wp-block-jetpack-slideshow_slide swiper-slide\"><figure><img decoding=\"async\" src=\"data:image\/gif;base64,R0lGODlhAQABAIAAAAAAAP\/\/\/ywAAAAAAQABAAACAUwAOw==\" fifu-lazy=\"1\" fifu-data-sizes=\"auto\" fifu-data-srcset=\"https:\/\/i2.wp.com\/www.interaccionnoticias.com.mx\/wp-content\/uploads\/2024\/12\/241225-comerciantes-Feria-3-1024x683.jpg?ssl=1&w=75&resize=75&ssl=1 75w, https:\/\/i2.wp.com\/www.interaccionnoticias.com.mx\/wp-content\/uploads\/2024\/12\/241225-comerciantes-Feria-3-1024x683.jpg?ssl=1&w=100&resize=100&ssl=1 100w, https:\/\/i2.wp.com\/www.interaccionnoticias.com.mx\/wp-content\/uploads\/2024\/12\/241225-comerciantes-Feria-3-1024x683.jpg?ssl=1&w=150&resize=150&ssl=1 150w, https:\/\/i2.wp.com\/www.interaccionnoticias.com.mx\/wp-content\/uploads\/2024\/12\/241225-comerciantes-Feria-3-1024x683.jpg?ssl=1&w=240&resize=240&ssl=1 240w, https:\/\/i2.wp.com\/www.interaccionnoticias.com.mx\/wp-content\/uploads\/2024\/12\/241225-comerciantes-Feria-3-1024x683.jpg?ssl=1&w=320&resize=320&ssl=1 320w, https:\/\/i2.wp.com\/www.interaccionnoticias.com.mx\/wp-content\/uploads\/2024\/12\/241225-comerciantes-Feria-3-1024x683.jpg?ssl=1&w=500&resize=500&ssl=1 500w, https:\/\/i2.wp.com\/www.interaccionnoticias.com.mx\/wp-content\/uploads\/2024\/12\/241225-comerciantes-Feria-3-1024x683.jpg?ssl=1&w=640&resize=640&ssl=1 640w, https:\/\/i2.wp.com\/www.interaccionnoticias.com.mx\/wp-content\/uploads\/2024\/12\/241225-comerciantes-Feria-3-1024x683.jpg?ssl=1&w=800&resize=800&ssl=1 800w, https:\/\/i2.wp.com\/www.interaccionnoticias.com.mx\/wp-content\/uploads\/2024\/12\/241225-comerciantes-Feria-3-1024x683.jpg?ssl=1&w=1024&resize=1024&ssl=1 1024w, https:\/\/i2.wp.com\/www.interaccionnoticias.com.mx\/wp-content\/uploads\/2024\/12\/241225-comerciantes-Feria-3-1024x683.jpg?ssl=1&w=1280&resize=1280&ssl=1 1280w, https:\/\/i2.wp.com\/www.interaccionnoticias.com.mx\/wp-content\/uploads\/2024\/12\/241225-comerciantes-Feria-3-1024x683.jpg?ssl=1&w=1600&resize=1600&ssl=1 1600w\" alt=\"\" class=\"wp-block-jetpack-slideshow_image wp-image-85749\" data-id=\"85749\" fifu-data-src=\"https:\/\/i2.wp.com\/www.interaccionnoticias.com.mx\/wp-content\/uploads\/2024\/12\/241225-comerciantes-Feria-3-1024x683.jpg?ssl=1\"\/><\/figure><\/li><li class=\"wp-block-jetpack-slideshow_slide swiper-slide\"><figure><img decoding=\"async\" src=\"data:image\/gif;base64,R0lGODlhAQABAIAAAAAAAP\/\/\/ywAAAAAAQABAAACAUwAOw==\" fifu-lazy=\"1\" fifu-data-sizes=\"auto\" fifu-data-srcset=\"https:\/\/i2.wp.com\/www.interaccionnoticias.com.mx\/wp-content\/uploads\/2024\/12\/241225-comerciantes-Feria-4-1024x683.jpg?ssl=1&w=75&resize=75&ssl=1 75w, https:\/\/i2.wp.com\/www.interaccionnoticias.com.mx\/wp-content\/uploads\/2024\/12\/241225-comerciantes-Feria-4-1024x683.jpg?ssl=1&w=100&resize=100&ssl=1 100w, https:\/\/i2.wp.com\/www.interaccionnoticias.com.mx\/wp-content\/uploads\/2024\/12\/241225-comerciantes-Feria-4-1024x683.jpg?ssl=1&w=150&resize=150&ssl=1 150w, https:\/\/i2.wp.com\/www.interaccionnoticias.com.mx\/wp-content\/uploads\/2024\/12\/241225-comerciantes-Feria-4-1024x683.jpg?ssl=1&w=240&resize=240&ssl=1 240w, https:\/\/i2.wp.com\/www.interaccionnoticias.com.mx\/wp-content\/uploads\/2024\/12\/241225-comerciantes-Feria-4-1024x683.jpg?ssl=1&w=320&resize=320&ssl=1 320w, https:\/\/i2.wp.com\/www.interaccionnoticias.com.mx\/wp-content\/uploads\/2024\/12\/241225-comerciantes-Feria-4-1024x683.jpg?ssl=1&w=500&resize=500&ssl=1 500w, https:\/\/i2.wp.com\/www.interaccionnoticias.com.mx\/wp-content\/uploads\/2024\/12\/241225-comerciantes-Feria-4-1024x683.jpg?ssl=1&w=640&resize=640&ssl=1 640w, https:\/\/i2.wp.com\/www.interaccionnoticias.com.mx\/wp-content\/uploads\/2024\/12\/241225-comerciantes-Feria-4-1024x683.jpg?ssl=1&w=800&resize=800&ssl=1 800w, https:\/\/i2.wp.com\/www.interaccionnoticias.com.mx\/wp-content\/uploads\/2024\/12\/241225-comerciantes-Feria-4-1024x683.jpg?ssl=1&w=1024&resize=1024&ssl=1 1024w, https:\/\/i2.wp.com\/www.interaccionnoticias.com.mx\/wp-content\/uploads\/2024\/12\/241225-comerciantes-Feria-4-1024x683.jpg?ssl=1&w=1280&resize=1280&ssl=1 1280w, https:\/\/i2.wp.com\/www.interaccionnoticias.com.mx\/wp-content\/uploads\/2024\/12\/241225-comerciantes-Feria-4-1024x683.jpg?ssl=1&w=1600&resize=1600&ssl=1 1600w\" alt=\"\" class=\"wp-block-jetpack-slideshow_image wp-image-85750\" data-id=\"85750\" fifu-data-src=\"https:\/\/i2.wp.com\/www.interaccionnoticias.com.mx\/wp-content\/uploads\/2024\/12\/241225-comerciantes-Feria-4-1024x683.jpg?ssl=1\"\/><\/figure><\/li><\/ul><a class=\"wp-block-jetpack-slideshow_button-prev swiper-button-prev swiper-button-white\" role=\"button\"><\/a><a class=\"wp-block-jetpack-slideshow_button-next swiper-button-next swiper-button-white\" role=\"button\"><\/a><a aria-label=\"Pause Slideshow\" class=\"wp-block-jetpack-slideshow_button-pause\" role=\"button\"><\/a><div class=\"wp-block-jetpack-slideshow_pagination swiper-pagination swiper-pagination-white\"><\/div><\/div><\/div>\n","protected":false},"excerpt":{"rendered":"<p>&#8212; \u201cNos duele en el alma lo que le pas\u00f3 al presidente del Patronato y el joven Jos\u00e9 Vidal\u201d, dicen a Gobernaci\u00f3n Municipal&#8212; Todos los artistas de renombre nacional cancelaron&hellip; <\/p>\n","protected":false},"author":21,"featured_media":85746,"comment_status":"open","ping_status":"open","sticky":false,"template":"","format":"standard","meta":{"fifu_image_url":"","fifu_image_alt":"","footnotes":""},"categories":[13],"tags":[],"class_list":["post-85745","post","type-post","status-publish","format-standard","has-post-thumbnail","hentry","category-capital"],"_links":{"self":[{"href":"https:\/\/www.interaccionnoticias.com.mx\/index.php?rest_route=\/wp\/v2\/posts\/85745","targetHints":{"allow":["GET"]}}],"collection":[{"href":"https:\/\/www.interaccionnoticias.com.mx\/index.php?rest_route=\/wp\/v2\/posts"}],"about":[{"href":"https:\/\/www.interaccionnoticias.com.mx\/index.php?rest_route=\/wp\/v2\/types\/post"}],"author":[{"embeddable":true,"href":"https:\/\/www.interaccionnoticias.com.mx\/index.php?rest_route=\/wp\/v2\/users\/21"}],"replies":[{"embeddable":true,"href":"https:\/\/www.interaccionnoticias.com.mx\/index.php?rest_route=%2Fwp%2Fv2%2Fcomments&post=85745"}],"version-history":[{"count":1,"href":"https:\/\/www.interaccionnoticias.com.mx\/index.php?rest_route=\/wp\/v2\/posts\/85745\/revisions"}],"predecessor-version":[{"id":85751,"href":"https:\/\/www.interaccionnoticias.com.mx\/index.php?rest_route=\/wp\/v2\/posts\/85745\/revisions\/85751"}],"wp:featuredmedia":[{"embeddable":true,"href":"https:\/\/www.interaccionnoticias.com.mx\/index.php?rest_route=\/wp\/v2\/media\/85746"}],"wp:attachment":[{"href":"https:\/\/www.interaccionnoticias.com.mx\/index.php?rest_route=%2Fwp%2Fv2%2Fmedia&parent=85745"}],"wp:term":[{"taxonomy":"category","embeddable":true,"href":"https:\/\/www.interaccionnoticias.com.mx\/index.php?rest_route=%2Fwp%2Fv2%2Fcategories&post=85745"},{"taxonomy":"post_tag","embeddable":true,"href":"https:\/\/www.interaccionnoticias.com.mx\/index.php?rest_route=%2Fwp%2Fv2%2Ftags&post=85745"}],"curies":[{"name":"wp","href":"https:\/\/api.w.org\/{rel}","templated":true}]}}