{"id":8570,"date":"2017-09-27T15:24:50","date_gmt":"2017-09-27T20:24:50","guid":{"rendered":"http:\/\/www.inter-accion.com.mx\/?p=8570"},"modified":"2017-09-27T15:24:50","modified_gmt":"2017-09-27T20:24:50","slug":"se-despiden-consejeros-del-iepc-recuerdan-a-estudiantes-de-ayotzinapa","status":"publish","type":"post","link":"https:\/\/www.interaccionnoticias.com.mx\/?p=8570","title":{"rendered":"Se despiden consejeros del IEPC; recuerdan a estudiantes de Ayotzinapa"},"content":{"rendered":"<p><strong>Este mi\u00e9rcoles ser\u00e1 su \u00faltima participaci\u00f3n en el Consejo General<\/strong><br \/>\nLos consejeros electorales que en 3 d\u00edas culminar\u00e1n el plazo para el que fueron designados, recordaron los hechos del 26 y 27 de septiembre en Iguala, donde desaparecieron 43 estudiantes de la normal de Ayotzinapa.<br \/>\nEn el transcurso de la novena sesi\u00f3n ordinaria del Consejo General del IEPC, los consejeros Ren\u00e9 Vargas Pineda, Leticia Mart\u00ednez Vel\u00e1zquez y Felipe Arturo S\u00e1nchez Miranda, emitieron un discurso correspondiente a los tres a\u00f1os en el cargo.<br \/>\nLos tres consejeros, manifestaron que al momento de ser designados por el \u00f3rgano electoral federal, el panorama social era complejo por la desaparici\u00f3n de los 43 normalistas de Ayotzinapa.<br \/>\nA su vez, Felipe Arturo S\u00e1nchez Miranda, manifest\u00f3 que hizo falta \u201ccomunicaci\u00f3n\u201d entre los integrantes del IEPC.<br \/>\nLa consejera presidenta, Marisela Reyes Reyes, que en d\u00edas pasados adelant\u00f3 su renuncia, resalt\u00f3 la organizaci\u00f3n de los \u00faltimos 3 procesos electorales, a pesar de la inestabilidad social a causa de los sucesos de Iguala.<\/p>\n","protected":false},"excerpt":{"rendered":"<p>Este mi\u00e9rcoles ser\u00e1 su \u00faltima participaci\u00f3n en el Consejo General Los consejeros electorales que en 3 d\u00edas culminar\u00e1n el plazo para el que fueron designados, recordaron los hechos del 26&hellip; <\/p>\n","protected":false},"author":1,"featured_media":0,"comment_status":"closed","ping_status":"closed","sticky":false,"template":"","format":"standard","meta":{"fifu_image_url":"","fifu_image_alt":"","footnotes":""},"categories":[8,17],"tags":[],"class_list":["post-8570","post","type-post","status-publish","format-standard","hentry","category-featured","category-organos-electorales"],"_links":{"self":[{"href":"https:\/\/www.interaccionnoticias.com.mx\/index.php?rest_route=\/wp\/v2\/posts\/8570","targetHints":{"allow":["GET"]}}],"collection":[{"href":"https:\/\/www.interaccionnoticias.com.mx\/index.php?rest_route=\/wp\/v2\/posts"}],"about":[{"href":"https:\/\/www.interaccionnoticias.com.mx\/index.php?rest_route=\/wp\/v2\/types\/post"}],"author":[{"embeddable":true,"href":"https:\/\/www.interaccionnoticias.com.mx\/index.php?rest_route=\/wp\/v2\/users\/1"}],"replies":[{"embeddable":true,"href":"https:\/\/www.interaccionnoticias.com.mx\/index.php?rest_route=%2Fwp%2Fv2%2Fcomments&post=8570"}],"version-history":[{"count":0,"href":"https:\/\/www.interaccionnoticias.com.mx\/index.php?rest_route=\/wp\/v2\/posts\/8570\/revisions"}],"wp:attachment":[{"href":"https:\/\/www.interaccionnoticias.com.mx\/index.php?rest_route=%2Fwp%2Fv2%2Fmedia&parent=8570"}],"wp:term":[{"taxonomy":"category","embeddable":true,"href":"https:\/\/www.interaccionnoticias.com.mx\/index.php?rest_route=%2Fwp%2Fv2%2Fcategories&post=8570"},{"taxonomy":"post_tag","embeddable":true,"href":"https:\/\/www.interaccionnoticias.com.mx\/index.php?rest_route=%2Fwp%2Fv2%2Ftags&post=8570"}],"curies":[{"name":"wp","href":"https:\/\/api.w.org\/{rel}","templated":true}]}}