{"id":85679,"date":"2024-12-23T18:35:00","date_gmt":"2024-12-24T00:35:00","guid":{"rendered":"https:\/\/www.interaccionnoticias.com.mx\/?p=85679"},"modified":"2024-12-23T22:55:03","modified_gmt":"2024-12-24T04:55:03","slug":"advierten-sobre-lluvias-en-guerrero","status":"publish","type":"post","link":"https:\/\/www.interaccionnoticias.com.mx\/?p=85679","title":{"rendered":"Advierten sobre lluvias en las ocho regiones de Guerrero"},"content":{"rendered":"\n<p><strong><em>&#8212; Podr\u00edan ser fuertes con rachas de viento, se\u00f1ala Protecci\u00f3n Civil<\/em><\/strong><\/p>\n\n\n\n<p><strong>Rogelio Agust\u00edn<\/strong><\/p>\n\n\n\n<p>La Secretar\u00eda de Protecci\u00f3n Civil advirti\u00f3 sobre la ocurrencia de lluvias en las ocho de Guerrero, de moderadas a fuertes.<\/p>\n\n\n\n<p>El pron\u00f3stico de corto plazo ubica la ocurrencia de lluvias entre las 18:00 horas del lunes 23 de diciembre y las 05:00 del martes 24.<\/p>\n\n\n\n<p>Incluso, refiere que para la noche del mismo lunes se pueden presentar chubascos aislados y lluvias ocasionales fuertes, adem\u00e1s de posibles descargas el\u00e9ctricas y rachas de viento de 30 a 40 kil\u00f3metros por hora en las regiones Acapulco, Sierra, Centro, Monta\u00f1a, Costa Grande, Zona Norte, Tierra Caliente y Costa Chica.<\/p>\n\n\n\n<p>Se destaca que esas condiciones meteorologicas son ocasionadas por una corriente en chorro subtropical en interacci\u00f3n con una vaguada en niveles altos de la atmosfera extendida desde el noreste hasta el occidente de M\u00e9xico.<\/p>\n\n\n\n<p>Se advierte adem\u00e1s, que las lluvias pueden ocasionar el crecimiento de r\u00edos y arrollos, as\u00ed como las rachas de viento pueden derivar tambien en la ca\u00edda de \u00e1rboles y anuncios publicitarios.<\/p>\n\n\n\n<p>Por esa raz\u00f3n, Protecci\u00f3n Civil consider\u00f3 importante que la ciudadania se mantenga alerta.<\/p>\n","protected":false},"excerpt":{"rendered":"<p>&#8212; Podr\u00edan ser fuertes con rachas de viento, se\u00f1ala Protecci\u00f3n Civil Rogelio Agust\u00edn La Secretar\u00eda de Protecci\u00f3n Civil advirti\u00f3 sobre la ocurrencia de lluvias en las ocho de Guerrero, de&hellip; <\/p>\n","protected":false},"author":21,"featured_media":85680,"comment_status":"open","ping_status":"open","sticky":false,"template":"","format":"standard","meta":{"fifu_image_url":"","fifu_image_alt":"","footnotes":""},"categories":[11],"tags":[],"class_list":["post-85679","post","type-post","status-publish","format-standard","has-post-thumbnail","hentry","category-guerrero"],"_links":{"self":[{"href":"https:\/\/www.interaccionnoticias.com.mx\/index.php?rest_route=\/wp\/v2\/posts\/85679","targetHints":{"allow":["GET"]}}],"collection":[{"href":"https:\/\/www.interaccionnoticias.com.mx\/index.php?rest_route=\/wp\/v2\/posts"}],"about":[{"href":"https:\/\/www.interaccionnoticias.com.mx\/index.php?rest_route=\/wp\/v2\/types\/post"}],"author":[{"embeddable":true,"href":"https:\/\/www.interaccionnoticias.com.mx\/index.php?rest_route=\/wp\/v2\/users\/21"}],"replies":[{"embeddable":true,"href":"https:\/\/www.interaccionnoticias.com.mx\/index.php?rest_route=%2Fwp%2Fv2%2Fcomments&post=85679"}],"version-history":[{"count":2,"href":"https:\/\/www.interaccionnoticias.com.mx\/index.php?rest_route=\/wp\/v2\/posts\/85679\/revisions"}],"predecessor-version":[{"id":85682,"href":"https:\/\/www.interaccionnoticias.com.mx\/index.php?rest_route=\/wp\/v2\/posts\/85679\/revisions\/85682"}],"wp:featuredmedia":[{"embeddable":true,"href":"https:\/\/www.interaccionnoticias.com.mx\/index.php?rest_route=\/wp\/v2\/media\/85680"}],"wp:attachment":[{"href":"https:\/\/www.interaccionnoticias.com.mx\/index.php?rest_route=%2Fwp%2Fv2%2Fmedia&parent=85679"}],"wp:term":[{"taxonomy":"category","embeddable":true,"href":"https:\/\/www.interaccionnoticias.com.mx\/index.php?rest_route=%2Fwp%2Fv2%2Fcategories&post=85679"},{"taxonomy":"post_tag","embeddable":true,"href":"https:\/\/www.interaccionnoticias.com.mx\/index.php?rest_route=%2Fwp%2Fv2%2Ftags&post=85679"}],"curies":[{"name":"wp","href":"https:\/\/api.w.org\/{rel}","templated":true}]}}