{"id":85556,"date":"2024-12-20T13:19:09","date_gmt":"2024-12-20T19:19:09","guid":{"rendered":"https:\/\/www.interaccionnoticias.com.mx\/?p=85556"},"modified":"2024-12-20T13:19:11","modified_gmt":"2024-12-20T19:19:11","slug":"juan-n-alias-la-calandria-detenido-por-triple-homicidio","status":"publish","type":"post","link":"https:\/\/www.interaccionnoticias.com.mx\/?p=85556","title":{"rendered":"Juan \u201cN\u201d alias \u201cLa Calandria\u201d detenido por triple homicidio"},"content":{"rendered":"\n<p><em><strong>&#8212; Hechos en el puerto de Acapulco<br>&#8212; Eran originarios del municipio de Juchit\u00e1n Oaxaca<\/strong><\/em><\/p>\n\n\n\n<p><strong>Javier Trujillo<\/strong><\/p>\n\n\n\n<p><strong>Acapulco, Gro.- <\/strong>Un operativo de fuerzas federales, estatales y ministeriales lograron la captura de un presunto homicida de tres hombres, entre ellos un menor de edad, originarios del estado de Oaxaca.<\/p>\n\n\n\n<p>Este viernes la Fiscal\u00eda General del Estado en Guerrero, en coordinaci\u00f3n con soldados del Ej\u00e9rcito Mexicano, Guardia Nacional y Polic\u00eda Estatal, cumplimentaron una orden de aprehensi\u00f3n contra un hombre por su probable participaci\u00f3n en el homicidio de tres personas en Acapulco.<\/p>\n\n\n\n<p>El detenido, fue identificado como Juan \u201cN\u201d, apodado \u201cLa Calandria\u201d, qui\u00e9n est\u00e1 relacionado con el delito de homicidio calificado, cometido en agravio de tres v\u00edctimas en este destino tur\u00edstico.<\/p>\n\n\n\n<p>Seg\u00fan los datos contenidos en la carpeta de investigaci\u00f3n, el homicidio en el que habr\u00eda participado, ocurri\u00f3 el pasado 2 de diciembre del 2024.<\/p>\n\n\n\n<p>Se inform\u00f3 que tras ser privados de su libertad, fueron asesinados, posteriormente los cuerpos desmembrados y localizados dentro de un veh\u00edculo tipo van, en calles de la colonia La Venta.<\/p>\n\n\n\n<p>Adem\u00e1s, se indica que por los trabajos de gabinete y campo desarrollados por los agentes de la Polic\u00eda Investigadora Ministerial (PIM), permitieron la captura de Juan \u201cN\u201d, alias \u201cLa Calandria\u201d.<\/p>\n\n\n\n<p>En seguimiento de las indagatorias, ayer se realiz\u00f3 la audiencia inicial, en la que el Ministerio P\u00fablico de la FGE, present\u00f3 datos contundentes para que el Juez de Control dictara el auto de vinculaci\u00f3n a proceso para el detenido y la medida cautelar de prisi\u00f3n preventiva justificada.<\/p>\n","protected":false},"excerpt":{"rendered":"<p>&#8212; Hechos en el puerto de Acapulco&#8212; Eran originarios del municipio de Juchit\u00e1n Oaxaca Javier Trujillo Acapulco, Gro.- Un operativo de fuerzas federales, estatales y ministeriales lograron la captura de&hellip; <\/p>\n","protected":false},"author":3,"featured_media":85557,"comment_status":"open","ping_status":"open","sticky":false,"template":"","format":"standard","meta":{"fifu_image_url":"","fifu_image_alt":"","footnotes":""},"categories":[27],"tags":[],"class_list":["post-85556","post","type-post","status-publish","format-standard","has-post-thumbnail","hentry","category-seguridad-publica"],"_links":{"self":[{"href":"https:\/\/www.interaccionnoticias.com.mx\/index.php?rest_route=\/wp\/v2\/posts\/85556","targetHints":{"allow":["GET"]}}],"collection":[{"href":"https:\/\/www.interaccionnoticias.com.mx\/index.php?rest_route=\/wp\/v2\/posts"}],"about":[{"href":"https:\/\/www.interaccionnoticias.com.mx\/index.php?rest_route=\/wp\/v2\/types\/post"}],"author":[{"embeddable":true,"href":"https:\/\/www.interaccionnoticias.com.mx\/index.php?rest_route=\/wp\/v2\/users\/3"}],"replies":[{"embeddable":true,"href":"https:\/\/www.interaccionnoticias.com.mx\/index.php?rest_route=%2Fwp%2Fv2%2Fcomments&post=85556"}],"version-history":[{"count":1,"href":"https:\/\/www.interaccionnoticias.com.mx\/index.php?rest_route=\/wp\/v2\/posts\/85556\/revisions"}],"predecessor-version":[{"id":85558,"href":"https:\/\/www.interaccionnoticias.com.mx\/index.php?rest_route=\/wp\/v2\/posts\/85556\/revisions\/85558"}],"wp:featuredmedia":[{"embeddable":true,"href":"https:\/\/www.interaccionnoticias.com.mx\/index.php?rest_route=\/wp\/v2\/media\/85557"}],"wp:attachment":[{"href":"https:\/\/www.interaccionnoticias.com.mx\/index.php?rest_route=%2Fwp%2Fv2%2Fmedia&parent=85556"}],"wp:term":[{"taxonomy":"category","embeddable":true,"href":"https:\/\/www.interaccionnoticias.com.mx\/index.php?rest_route=%2Fwp%2Fv2%2Fcategories&post=85556"},{"taxonomy":"post_tag","embeddable":true,"href":"https:\/\/www.interaccionnoticias.com.mx\/index.php?rest_route=%2Fwp%2Fv2%2Ftags&post=85556"}],"curies":[{"name":"wp","href":"https:\/\/api.w.org\/{rel}","templated":true}]}}