{"id":85533,"date":"2024-12-19T16:36:00","date_gmt":"2024-12-19T22:36:00","guid":{"rendered":"https:\/\/www.interaccionnoticias.com.mx\/?p=85533"},"modified":"2024-12-19T22:37:10","modified_gmt":"2024-12-20T04:37:10","slug":"prepas-populares-piden-al-congreso-local-que-incremente-su-presupuesto-en-el-ejercicio-fis-cal-2025","status":"publish","type":"post","link":"https:\/\/www.interaccionnoticias.com.mx\/?p=85533","title":{"rendered":"Prepas Populares piden al Congreso local que incremente su presupuesto en el ejercicio fis cal 2025"},"content":{"rendered":"\n<p><strong><em>&#8212; Son 105 planteles que atienden a 11 mil alumnos en zonas de alta marginaci\u00f3n<\/em><\/strong><\/p>\n\n\n\n<p><strong>Yasm\u00edn Garc\u00eda<\/strong><\/p>\n\n\n\n<p>Maestros de preparatorias populares que funcionan en comunidades de alta marginaci\u00f3n se concentraron en el Congreso local, piden que se incremente de manera sustancial el presupuesto destinado para el ejercicio fiscal 2025.<\/p>\n\n\n\n<p>Actualmente el subsistema educativo, que carece de reconocimiento oficial recibe 80 millones de pesos de pesos al a\u00f1o, dinero que apenas permite subsanar situaciones elementales.<\/p>\n\n\n\n<p>La ma\u00f1ana del jueves 19 de diciembre, una comisi\u00f3n de maestros lleg\u00f3 a las instalaciones del Poder Legislativo de Guerrero para solicitar a los diputados el incremento de su financiamiento por el orden de los 10 millones de pesos adicionales.<\/p>\n\n\n\n<p>Los manifestantes hicieron hincapi\u00e9 en el hecho de que son mil 025 docentes que atienden a 11 mil estudiantes en 105 planteles distribuidos en comunidades de alta marginaci\u00f3n.<\/p>\n\n\n\n<p>Julia Su\u00e1rez Mart\u00ednez, una de las manifestantes, explic\u00f3 que los docentes de dicho subsistema carecen de las prestaciones de ley, pese a que las prepas populares funcionan desde hace 37 a\u00f1os.<\/p>\n\n\n\n<p>La profesora dijo que el presupuesto destinado por el gobierno estatal es de 80 millones, mientras que para otorgar las prestaciones de ley, se necesitan por lo menos 264 millones de pesos.<\/p>\n\n\n\n<p>Mencion\u00f3 que el Gobierno de Guerrero les hizo una prouesta de elevar el presupuesto en un 8.5 por ciento, pero eso insuficiente para las necesidades que enfrentan.<\/p>\n\n\n\n<p>\u00abLos diputados dicen que ellos est\u00e1n en colaboraci\u00f3n con la gobernadora Evelyn Salgado, yo les digo como dice el secretario de planeaci\u00f3n (Ren\u00e9 Vargas Pineda); ellos tienen la autonom\u00eda para que puedan decidir, son la voz del pueblo y exigimos que nos representen, porque nosotros no recibimos las prestaciones de nada\u00bb, lament\u00f3.<\/p>\n\n\n\n<p>La comisi\u00f3n de docentes fue atendida por el presidente de la Comisi\u00f3n de Educaci\u00f3n, Ciencia y Tecnolog\u00eda, P\u00e1nfilo S\u00e1nchez Almaz\u00e1n, quien se comprometi\u00f3 a que los legisladores revisar\u00edan el presupuesto y agendaron una reuni\u00f3n para el pr\u00f3ximo 27 de diciembre en el Congreso local.<\/p>\n","protected":false},"excerpt":{"rendered":"<p>&#8212; Son 105 planteles que atienden a 11 mil alumnos en zonas de alta marginaci\u00f3n Yasm\u00edn Garc\u00eda Maestros de preparatorias populares que funcionan en comunidades de alta marginaci\u00f3n se concentraron&hellip; <\/p>\n","protected":false},"author":32,"featured_media":85534,"comment_status":"open","ping_status":"open","sticky":false,"template":"","format":"standard","meta":{"fifu_image_url":"","fifu_image_alt":"","footnotes":""},"categories":[6],"tags":[],"class_list":["post-85533","post","type-post","status-publish","format-standard","has-post-thumbnail","hentry","category-educacion"],"_links":{"self":[{"href":"https:\/\/www.interaccionnoticias.com.mx\/index.php?rest_route=\/wp\/v2\/posts\/85533","targetHints":{"allow":["GET"]}}],"collection":[{"href":"https:\/\/www.interaccionnoticias.com.mx\/index.php?rest_route=\/wp\/v2\/posts"}],"about":[{"href":"https:\/\/www.interaccionnoticias.com.mx\/index.php?rest_route=\/wp\/v2\/types\/post"}],"author":[{"embeddable":true,"href":"https:\/\/www.interaccionnoticias.com.mx\/index.php?rest_route=\/wp\/v2\/users\/32"}],"replies":[{"embeddable":true,"href":"https:\/\/www.interaccionnoticias.com.mx\/index.php?rest_route=%2Fwp%2Fv2%2Fcomments&post=85533"}],"version-history":[{"count":1,"href":"https:\/\/www.interaccionnoticias.com.mx\/index.php?rest_route=\/wp\/v2\/posts\/85533\/revisions"}],"predecessor-version":[{"id":85535,"href":"https:\/\/www.interaccionnoticias.com.mx\/index.php?rest_route=\/wp\/v2\/posts\/85533\/revisions\/85535"}],"wp:featuredmedia":[{"embeddable":true,"href":"https:\/\/www.interaccionnoticias.com.mx\/index.php?rest_route=\/wp\/v2\/media\/85534"}],"wp:attachment":[{"href":"https:\/\/www.interaccionnoticias.com.mx\/index.php?rest_route=%2Fwp%2Fv2%2Fmedia&parent=85533"}],"wp:term":[{"taxonomy":"category","embeddable":true,"href":"https:\/\/www.interaccionnoticias.com.mx\/index.php?rest_route=%2Fwp%2Fv2%2Fcategories&post=85533"},{"taxonomy":"post_tag","embeddable":true,"href":"https:\/\/www.interaccionnoticias.com.mx\/index.php?rest_route=%2Fwp%2Fv2%2Ftags&post=85533"}],"curies":[{"name":"wp","href":"https:\/\/api.w.org\/{rel}","templated":true}]}}