{"id":8548,"date":"2017-09-26T20:16:35","date_gmt":"2017-09-27T01:16:35","guid":{"rendered":"http:\/\/www.inter-accion.com.mx\/?p=8548"},"modified":"2017-09-26T20:16:35","modified_gmt":"2017-09-27T01:16:35","slug":"en-el-olvido-el-homenaje-a-los-avispones","status":"publish","type":"post","link":"https:\/\/www.interaccionnoticias.com.mx\/?p=8548","title":{"rendered":"En el olvido, el homenaje a \u201cLos Avispones\u201d"},"content":{"rendered":"<p><strong>Las otras v\u00edctimas de&nbsp;la noche de Iguala<\/strong><br \/>\nSin la presencia de autoridades, deportistas y familiares realizaron una ceremonia en la unidad deportiva de Chilpancingo, para homenajear a los integrantes de equipo de futbol soccer de tercera divisi\u00f3n profesional, \u201cLos Avispones\u201d, que tambi\u00e9n fueron atacados la noche del 26 de septiembre de 2014, en Iguala de la Independencia.<br \/>\nEn el encuentro, varios de los sobrevivientes y sus familiares, lamentaron que a tres a\u00f1os de los hechos, las autoridades pr\u00e1cticamente ya se hayan olvidado de las otras v\u00edctimas de la noche de Iguala.<br \/>\nLos directivos del club, familiares y compa\u00f1eros de los asesinados se reunieron para recordar los tres a\u00f1os del ataque que sufrieron los jugadores cuando pretend\u00edan salir de Iguala, luego de disputar un partido del que salieron airosos.<br \/>\nEl ataque dej\u00f3 como saldo al menos 20 personas heridas, m\u00e1s la muerte del jugador David Josu\u00e9 Garc\u00eda Evangelista y V\u00edctor Manuel Lugo Ortiz, chofer del autob\u00fas.<br \/>\nRoberta Evangelista Hern\u00e1ndez, madre de David Josu\u00e9, pidi\u00f3 durante el evento que nunca se olvidar\u00e1n los hechos tr\u00e1gicos en Iguala, ni la muerte de su hijo, para as\u00ed evitar que un hecho similar pudiera repetirse.<br \/>\n\u201cSiempre recuerden a David, al se\u00f1or V\u00edctor Manuel que tambi\u00e9n los acompa\u00f1aba esa noche y pues espero que nunca se olviden de \u00e9l, yo s\u00e9 que no quisieran recordar, pero es algo que nunca se va a olvidar\u201d, solicit\u00f3 a la concurrencia.<br \/>\nComent\u00f3 que con el pasar del tiempo, las autoridades de gobierno han olvidado y retirado el apoyo a los familiares de las v\u00edctimas.<br \/>\nPedro Renter\u00eda Lujano, quien fuera Director T\u00e9cnico del equipo en 2014,&nbsp;&nbsp;pregunt\u00f3 a los presentes si alguien estaba ah\u00ed en representaci\u00f3n del Ayuntamiento, la respuesta que obtuvo fue solo el silencio.<br \/>\n&nbsp;\u201cCon la pena, nos damos cuenta de que a tres a\u00f1os ya fuimos olvidados\u201d, apunt\u00f3.<br \/>\nFelipe Villalba Alcocer, capit\u00e1n del equipo, asegur\u00f3 que lo sucedido en septiembre de 2014 nunca se podr\u00e1 olvidar.<br \/>\nA tres a\u00f1os, la mayor\u00eda de los que integraban la plantilla de Los Avispones ya est\u00e1n en otros equipos, aunque parte importante decidi\u00f3 culminar su carrera deportiva.<br \/>\n&nbsp;<\/p>\n","protected":false},"excerpt":{"rendered":"<p>Las otras v\u00edctimas de&nbsp;la noche de Iguala Sin la presencia de autoridades, deportistas y familiares realizaron una ceremonia en la unidad deportiva de Chilpancingo, para homenajear a los integrantes de&hellip; <\/p>\n","protected":false},"author":1,"featured_media":0,"comment_status":"closed","ping_status":"closed","sticky":false,"template":"","format":"standard","meta":{"fifu_image_url":"","fifu_image_alt":"","footnotes":""},"categories":[13,8],"tags":[],"class_list":["post-8548","post","type-post","status-publish","format-standard","hentry","category-capital","category-featured"],"_links":{"self":[{"href":"https:\/\/www.interaccionnoticias.com.mx\/index.php?rest_route=\/wp\/v2\/posts\/8548","targetHints":{"allow":["GET"]}}],"collection":[{"href":"https:\/\/www.interaccionnoticias.com.mx\/index.php?rest_route=\/wp\/v2\/posts"}],"about":[{"href":"https:\/\/www.interaccionnoticias.com.mx\/index.php?rest_route=\/wp\/v2\/types\/post"}],"author":[{"embeddable":true,"href":"https:\/\/www.interaccionnoticias.com.mx\/index.php?rest_route=\/wp\/v2\/users\/1"}],"replies":[{"embeddable":true,"href":"https:\/\/www.interaccionnoticias.com.mx\/index.php?rest_route=%2Fwp%2Fv2%2Fcomments&post=8548"}],"version-history":[{"count":0,"href":"https:\/\/www.interaccionnoticias.com.mx\/index.php?rest_route=\/wp\/v2\/posts\/8548\/revisions"}],"wp:attachment":[{"href":"https:\/\/www.interaccionnoticias.com.mx\/index.php?rest_route=%2Fwp%2Fv2%2Fmedia&parent=8548"}],"wp:term":[{"taxonomy":"category","embeddable":true,"href":"https:\/\/www.interaccionnoticias.com.mx\/index.php?rest_route=%2Fwp%2Fv2%2Fcategories&post=8548"},{"taxonomy":"post_tag","embeddable":true,"href":"https:\/\/www.interaccionnoticias.com.mx\/index.php?rest_route=%2Fwp%2Fv2%2Ftags&post=8548"}],"curies":[{"name":"wp","href":"https:\/\/api.w.org\/{rel}","templated":true}]}}