{"id":85452,"date":"2024-12-17T16:55:00","date_gmt":"2024-12-17T22:55:00","guid":{"rendered":"https:\/\/www.interaccionnoticias.com.mx\/?p=85452"},"modified":"2024-12-17T20:25:59","modified_gmt":"2024-12-18T02:25:59","slug":"asesinato-del-promotor-de-espectaculos-no-esta-relacionado-con-temas-de-la-feria-de-navidad-en-chilpancingo","status":"publish","type":"post","link":"https:\/\/www.interaccionnoticias.com.mx\/?p=85452","title":{"rendered":"Asesinato del promotor de espect\u00e1culos no est\u00e1 relacionado con temas de la Feria de Navidad, en Chilpancingo"},"content":{"rendered":"\n<p><strong><em>&#8212; Los temas de Chilpancingo se tratan en Chilpancingo, el crimen se cometi\u00f3 en Tixtla<\/em><\/strong><\/p>\n\n\n\n<p><strong>Jes\u00fas Dorantes<\/strong><\/p>\n\n\n\n<p>Hasta el momento, las autoridades no cuentan con elementos para relacionar el asesinato del empresario Juli\u00e1n de la Cruz con las actividades de la Feria de San Mateo, Navidad y A\u00f1o Nuevo, la m\u00e1s importante de la regi\u00f3n Centro del Estado.<\/p>\n\n\n\n<p>El domingo, el empresario Juli\u00e1n de la Cruz fue asesinado junto con otras dos personas en la cabecera municipal de Tixtla, ciudad considerada como zona de influencia del grupo delictivo conocido como \u201cLos Ardillos\u201d.<\/p>\n\n\n\n<p>El subsecretario de Asuntos Pol\u00edticos de a Secretar\u00eda General de Gobierno, Francisco Rodr\u00edguez Cisneros precis\u00f3 que ya la Fiscal\u00eda General del Estado (FGE) integr\u00f3 la carpeta de investigaci\u00f3n correspondiente, por lo que ahora se debe esperar a que dicha instituci\u00f3n emita los informes correspondientes, cuando est\u00e9 en condiciones.<\/p>\n\n\n\n<p>\u00abLo que tenemos conocimiento es que se estaba celebrando una reuni\u00f3n en esta casa, irrumpieron en el domicilio y ocurrieron los hechos que ya ustedes conocen\u201d, destac\u00f3.<\/p>\n\n\n\n<p>El funcionario destac\u00f3 que la informaci\u00f3n que se tiene sobre el tema es muy escueta, pero en su momento se conocer\u00e1 qu\u00e9 fue lo que sucedi\u00f3.<\/p>\n\n\n\n<p>Se le pregunt\u00f3 si el triple asesinato podr\u00eda estar relacionado con las actividades que se van a desarrollar en el marco de la Feria de Navidad y A\u00f1o Nuevo de Chilpancingo, misma que ser\u00e1 inaugurada el domingo previo al 24 de diciembre.<\/p>\n\n\n\n<p>\u00abNo esta relacionado con el tema de la feria de Navidad, tengo entendido yo que los asuntos de Chilpancingo se tratan en Chilpancingo, habl\u00e9 con el presidente municipal y no me coment\u00f3 nada, est\u00e1bamos platicando con la finalidad de avanzar en la construcci\u00f3n de un acuerdo para la realizaci\u00f3n del Paseo del Pend\u00f3n y la Feria\u00bb, anot\u00f3.<\/p>\n","protected":false},"excerpt":{"rendered":"<p>&#8212; Los temas de Chilpancingo se tratan en Chilpancingo, el crimen se cometi\u00f3 en Tixtla Jes\u00fas Dorantes Hasta el momento, las autoridades no cuentan con elementos para relacionar el asesinato&hellip; <\/p>\n","protected":false},"author":8,"featured_media":85453,"comment_status":"open","ping_status":"open","sticky":false,"template":"","format":"standard","meta":{"fifu_image_url":"","fifu_image_alt":"","footnotes":""},"categories":[11],"tags":[],"class_list":["post-85452","post","type-post","status-publish","format-standard","has-post-thumbnail","hentry","category-guerrero"],"_links":{"self":[{"href":"https:\/\/www.interaccionnoticias.com.mx\/index.php?rest_route=\/wp\/v2\/posts\/85452","targetHints":{"allow":["GET"]}}],"collection":[{"href":"https:\/\/www.interaccionnoticias.com.mx\/index.php?rest_route=\/wp\/v2\/posts"}],"about":[{"href":"https:\/\/www.interaccionnoticias.com.mx\/index.php?rest_route=\/wp\/v2\/types\/post"}],"author":[{"embeddable":true,"href":"https:\/\/www.interaccionnoticias.com.mx\/index.php?rest_route=\/wp\/v2\/users\/8"}],"replies":[{"embeddable":true,"href":"https:\/\/www.interaccionnoticias.com.mx\/index.php?rest_route=%2Fwp%2Fv2%2Fcomments&post=85452"}],"version-history":[{"count":1,"href":"https:\/\/www.interaccionnoticias.com.mx\/index.php?rest_route=\/wp\/v2\/posts\/85452\/revisions"}],"predecessor-version":[{"id":85454,"href":"https:\/\/www.interaccionnoticias.com.mx\/index.php?rest_route=\/wp\/v2\/posts\/85452\/revisions\/85454"}],"wp:featuredmedia":[{"embeddable":true,"href":"https:\/\/www.interaccionnoticias.com.mx\/index.php?rest_route=\/wp\/v2\/media\/85453"}],"wp:attachment":[{"href":"https:\/\/www.interaccionnoticias.com.mx\/index.php?rest_route=%2Fwp%2Fv2%2Fmedia&parent=85452"}],"wp:term":[{"taxonomy":"category","embeddable":true,"href":"https:\/\/www.interaccionnoticias.com.mx\/index.php?rest_route=%2Fwp%2Fv2%2Fcategories&post=85452"},{"taxonomy":"post_tag","embeddable":true,"href":"https:\/\/www.interaccionnoticias.com.mx\/index.php?rest_route=%2Fwp%2Fv2%2Ftags&post=85452"}],"curies":[{"name":"wp","href":"https:\/\/api.w.org\/{rel}","templated":true}]}}