{"id":85447,"date":"2024-12-17T17:18:00","date_gmt":"2024-12-17T23:18:00","guid":{"rendered":"https:\/\/www.interaccionnoticias.com.mx\/?p=85447"},"modified":"2024-12-17T20:22:49","modified_gmt":"2024-12-18T02:22:49","slug":"falta-mucho-tiempo-dice-lider-del-congreso-local-ante-posible-aspiracion-a-la-gubernatura","status":"publish","type":"post","link":"https:\/\/www.interaccionnoticias.com.mx\/?p=85447","title":{"rendered":"\u201cFalta mucho tiempo\u00bb, dice l\u00edder del Congreso local ante posible aspiraci\u00f3n a la gubernatura"},"content":{"rendered":"\n<p><strong><em>&#8212; El presidente de la Jucopo, Jes\u00fas Uriostegui Garc\u00eda sostiene que la prioridad es legislar a favor de la poblaci\u00f3n<\/em><\/strong><\/p>\n\n\n\n<p><strong>Yasm\u00edn Garc\u00eda<\/strong><\/p>\n\n\n\n<p>El presidente de la Junta de Coordinaci\u00f3n Pol\u00edtica (Jucopo) del Congreso local, Jes\u00fas Uriostegui Garc\u00eda manifest\u00f3 que a\u00fan falta mucho para hablar sobre las aspiraciones a la candidatura a gobernador, pues lo prioritario en estos momentos es legislar a favor de la entidad.<\/p>\n\n\n\n<p>En entrevista, el tambi\u00e9n Coordinador del Grupo Parlamentario de Morena en el Congreso de Guerrero agradeci\u00f3 al senador F\u00e9lix Salgado Macedonio que lo mencione, pero dijo que por el momento se encuentra al margen de dicha discusi\u00f3n.<\/p>\n\n\n\n<p>Salgado Macedonio ha declarado en medios de comunicaci\u00f3n que apoya el relevo generacional de cara al proceso electoral en el 2027, se ha referido al presidente del Comit\u00e9 Ejecutivo Estatal (CEE) de Morena, Jacinto Gonz\u00e1lez Varona, al ex diputado federal Rub\u00e9n Cayetano y a Jes\u00fas Uri\u00f3stegui como aspirantes a la gubernatura.<\/p>\n\n\n\n<p>Acerca de la pel\u00edcula \u00abT\u00e9tano\u00bb en donde act\u00faa y promociona Salgado Macedonio, el diputado local asegur\u00f3 que ya acudi\u00f3 a verla.<\/p>\n\n\n\n<p>\u00abEstamos a favor de fomentar la cultura, el cine es cultura, obviamente ya estuve ah\u00ed, la recomendamos ampliamente\u00bb, anot\u00f3.<\/p>\n","protected":false},"excerpt":{"rendered":"<p>&#8212; El presidente de la Jucopo, Jes\u00fas Uriostegui Garc\u00eda sostiene que la prioridad es legislar a favor de la poblaci\u00f3n Yasm\u00edn Garc\u00eda El presidente de la Junta de Coordinaci\u00f3n Pol\u00edtica&hellip; <\/p>\n","protected":false},"author":32,"featured_media":85448,"comment_status":"open","ping_status":"open","sticky":false,"template":"","format":"standard","meta":{"fifu_image_url":"","fifu_image_alt":"","footnotes":""},"categories":[2],"tags":[],"class_list":["post-85447","post","type-post","status-publish","format-standard","has-post-thumbnail","hentry","category-congreso"],"_links":{"self":[{"href":"https:\/\/www.interaccionnoticias.com.mx\/index.php?rest_route=\/wp\/v2\/posts\/85447","targetHints":{"allow":["GET"]}}],"collection":[{"href":"https:\/\/www.interaccionnoticias.com.mx\/index.php?rest_route=\/wp\/v2\/posts"}],"about":[{"href":"https:\/\/www.interaccionnoticias.com.mx\/index.php?rest_route=\/wp\/v2\/types\/post"}],"author":[{"embeddable":true,"href":"https:\/\/www.interaccionnoticias.com.mx\/index.php?rest_route=\/wp\/v2\/users\/32"}],"replies":[{"embeddable":true,"href":"https:\/\/www.interaccionnoticias.com.mx\/index.php?rest_route=%2Fwp%2Fv2%2Fcomments&post=85447"}],"version-history":[{"count":2,"href":"https:\/\/www.interaccionnoticias.com.mx\/index.php?rest_route=\/wp\/v2\/posts\/85447\/revisions"}],"predecessor-version":[{"id":85451,"href":"https:\/\/www.interaccionnoticias.com.mx\/index.php?rest_route=\/wp\/v2\/posts\/85447\/revisions\/85451"}],"wp:featuredmedia":[{"embeddable":true,"href":"https:\/\/www.interaccionnoticias.com.mx\/index.php?rest_route=\/wp\/v2\/media\/85448"}],"wp:attachment":[{"href":"https:\/\/www.interaccionnoticias.com.mx\/index.php?rest_route=%2Fwp%2Fv2%2Fmedia&parent=85447"}],"wp:term":[{"taxonomy":"category","embeddable":true,"href":"https:\/\/www.interaccionnoticias.com.mx\/index.php?rest_route=%2Fwp%2Fv2%2Fcategories&post=85447"},{"taxonomy":"post_tag","embeddable":true,"href":"https:\/\/www.interaccionnoticias.com.mx\/index.php?rest_route=%2Fwp%2Fv2%2Ftags&post=85447"}],"curies":[{"name":"wp","href":"https:\/\/api.w.org\/{rel}","templated":true}]}}